{"id":10324,"date":"2024-11-14T23:32:20","date_gmt":"2024-11-14T21:32:20","guid":{"rendered":"https:\/\/ateneuadrianenc.cat\/home\/?p=10324"},"modified":"2024-11-14T23:32:20","modified_gmt":"2024-11-14T21:32:20","slug":"cor-sine-nomine","status":"publish","type":"post","link":"https:\/\/ateneuadrianenc.cat\/home\/cor-sine-nomine\/","title":{"rendered":"Cor Sine Nomine"},"content":{"rendered":"\t\t<div data-elementor-type=\"wp-post\" data-elementor-id=\"10324\" class=\"elementor elementor-10324\" data-elementor-post-type=\"post\">\n\t\t\t\t\t\t<section class=\"elementor-section elementor-top-section elementor-element elementor-element-ced5afd elementor-section-full_width elementor-section-height-default elementor-section-height-default\" data-id=\"ced5afd\" data-element_type=\"section\">\n\t\t\t\t\t\t<div class=\"elementor-container elementor-column-gap-default\">\n\t\t\t\t\t<div class=\"elementor-column elementor-col-100 elementor-top-column elementor-element elementor-element-06a4d9e\" data-id=\"06a4d9e\" data-element_type=\"column\">\n\t\t\t<div class=\"elementor-widget-wrap elementor-element-populated\">\n\t\t\t\t\t\t<div class=\"elementor-element elementor-element-5c52108 elementor-widget elementor-widget-heading\" data-id=\"5c52108\" data-element_type=\"widget\" data-widget_type=\"heading.default\">\n\t\t\t\t<div class=\"elementor-widget-container\">\n\t\t\t\t\t<h2 class=\"elementor-heading-title elementor-size-default\">En clau de dones<br>COR SINE NOMINE<\/h2>\t\t\t\t<\/div>\n\t\t\t\t<\/div>\n\t\t\t\t\t<\/div>\n\t\t<\/div>\n\t\t\t\t\t<\/div>\n\t\t<\/section>\n\t\t\t\t<section class=\"elementor-section elementor-top-section elementor-element elementor-element-709d956 elementor-section-full_width elementor-section-height-default elementor-section-height-default\" data-id=\"709d956\" data-element_type=\"section\">\n\t\t\t\t\t\t<div class=\"elementor-container elementor-column-gap-default\">\n\t\t\t\t\t<div class=\"elementor-column elementor-col-100 elementor-top-column elementor-element elementor-element-9cff89a\" data-id=\"9cff89a\" data-element_type=\"column\">\n\t\t\t<div class=\"elementor-widget-wrap elementor-element-populated\">\n\t\t\t\t\t\t<div class=\"elementor-element elementor-element-f95e294 elementor-widget elementor-widget-heading\" data-id=\"f95e294\" data-element_type=\"widget\" data-widget_type=\"heading.default\">\n\t\t\t\t<div class=\"elementor-widget-container\">\n\t\t\t\t\t<h2 class=\"elementor-heading-title elementor-size-default\">Homenatge a les dones compositores<\/h2>\t\t\t\t<\/div>\n\t\t\t\t<\/div>\n\t\t\t\t<div class=\"elementor-element elementor-element-e200fd6 elementor-widget-divider--view-line elementor-widget elementor-widget-divider\" data-id=\"e200fd6\" data-element_type=\"widget\" data-widget_type=\"divider.default\">\n\t\t\t\t<div class=\"elementor-widget-container\">\n\t\t\t\t\t\t\t<div class=\"elementor-divider\">\n\t\t\t<span class=\"elementor-divider-separator\">\n\t\t\t\t\t\t<\/span>\n\t\t<\/div>\n\t\t\t\t\t\t<\/div>\n\t\t\t\t<\/div>\n\t\t\t\t\t<\/div>\n\t\t<\/div>\n\t\t\t\t\t<\/div>\n\t\t<\/section>\n\t\t\t\t<section class=\"elementor-section elementor-top-section elementor-element elementor-element-9459c4d elementor-section-boxed elementor-section-height-default elementor-section-height-default\" data-id=\"9459c4d\" data-element_type=\"section\">\n\t\t\t\t\t\t<div class=\"elementor-container elementor-column-gap-default\">\n\t\t\t\t\t<div class=\"elementor-column elementor-col-50 elementor-top-column elementor-element elementor-element-e071e43\" data-id=\"e071e43\" data-element_type=\"column\">\n\t\t\t<div class=\"elementor-widget-wrap elementor-element-populated\">\n\t\t\t\t\t\t<div class=\"elementor-element elementor-element-f3f14d1 elementor-widget elementor-widget-text-editor\" data-id=\"f3f14d1\" data-element_type=\"widget\" data-widget_type=\"text-editor.default\">\n\t\t\t\t<div class=\"elementor-widget-container\">\n\t\t\t\t\t\t\t\t\t<p>Les dones van treballar com a compositores, int\u00e8rprets o mecenes al llarg de la hist\u00f2ria, per\u00f2 habitualment van romandre a l&#8217;ombra dels homes. Tamb\u00e9 \u00e9s cert que,&nbsp;a partir del s. XVIII, les dones van aconseguir participar de forma una mica m\u00e9s activa, tot i que encara minorit\u00e0ria en la creaci\u00f3 musical, en la interpretaci\u00f3, i van&nbsp;poder accedir a formaci\u00f3 musical i fins i tot van arribar a impartir classes de m\u00fasica.<\/p>\n<p>A l&#8217;<b>Antiga Gr\u00e8cia<\/b> neix la figura de la compositora gr\u00e0cies a les anomenades poetes, les quals utilitzaven instruments com la c\u00edtara, la lira o la flauta per acompanyar els&nbsp;seus poemes. No hi ha gaire informaci\u00f3 sobre la participaci\u00f3 de la dona en la m\u00fasica&nbsp;durant aquest per\u00edode, per\u00f2 s&#8217;ha pogut saber que <b>Safo <\/b>(\u00c9reso, 600 a.C.) i <b>Kassia <\/b>(810&nbsp;\u2013 867 d. C.) van ser les primeres i m\u00e9s destacables poetes de l&#8217;\u00e8poca.<\/p>\n<p>Totes les compositores ressenyades van tenir o tenen una formaci\u00f3 acurada i una&nbsp;carrera brillant en el terreny musical, per\u00f2 no sempre han estat reconegudes en la&nbsp;seva v\u00e0lua.<\/p>\n<p>El nostre programa constitueix un homenatge a diverses compositores amb diferents estils i proced\u00e8ncies, des del segle XI als nostres dies.<\/p>\t\t\t\t\t\t\t\t<\/div>\n\t\t\t\t<\/div>\n\t\t\t\t\t<\/div>\n\t\t<\/div>\n\t\t\t\t<div class=\"elementor-column elementor-col-50 elementor-top-column elementor-element elementor-element-a029417\" data-id=\"a029417\" data-element_type=\"column\">\n\t\t\t<div class=\"elementor-widget-wrap elementor-element-populated\">\n\t\t\t\t\t\t<div class=\"elementor-element elementor-element-5a43c86 elementor-widget elementor-widget-image\" data-id=\"5a43c86\" data-element_type=\"widget\" data-widget_type=\"image.default\">\n\t\t\t\t<div class=\"elementor-widget-container\">\n\t\t\t\t\t\t\t\t\t\t\t\t\t\t\t<img fetchpriority=\"high\" decoding=\"async\" width=\"600\" height=\"364\" src=\"https:\/\/ateneuadrianenc.cat\/home\/wp-content\/uploads\/2024\/10\/Dones-compositores-600x364-1.jpg\" class=\"attachment-large size-large wp-image-10326\" alt=\"\" srcset=\"https:\/\/ateneuadrianenc.cat\/home\/wp-content\/uploads\/2024\/10\/Dones-compositores-600x364-1.jpg 600w, https:\/\/ateneuadrianenc.cat\/home\/wp-content\/uploads\/2024\/10\/Dones-compositores-600x364-1-300x182.jpg 300w\" sizes=\"(max-width: 600px) 100vw, 600px\" \/>\t\t\t\t\t\t\t\t\t\t\t\t\t\t\t<\/div>\n\t\t\t\t<\/div>\n\t\t\t\t<section class=\"elementor-section elementor-inner-section elementor-element elementor-element-51adc06 elementor-section-boxed elementor-section-height-default elementor-section-height-default\" data-id=\"51adc06\" data-element_type=\"section\">\n\t\t\t\t\t\t<div class=\"elementor-container elementor-column-gap-default\">\n\t\t\t\t\t<div class=\"elementor-column elementor-col-50 elementor-inner-column elementor-element elementor-element-bfd24ea\" data-id=\"bfd24ea\" data-element_type=\"column\">\n\t\t\t<div class=\"elementor-widget-wrap elementor-element-populated\">\n\t\t\t\t\t\t<div class=\"elementor-element elementor-element-75d5f7c elementor-widget elementor-widget-text-editor\" data-id=\"75d5f7c\" data-element_type=\"widget\" data-widget_type=\"text-editor.default\">\n\t\t\t\t<div class=\"elementor-widget-container\">\n\t\t\t\t\t\t\t\t\t<ul>\n<li>Hildegarda von Bingen<\/li>\n<li>Fanny Hensel Mendelsssohn<\/li>\n<li>Clara Wieck Schumann<\/li>\n<li>Conxita Badia i Mill\u00e0s<\/li>\n<li>Rosa Mas i Mallen<\/li>\n<li>Matilde Salvador i Segarra<\/li><li>Carlota Ferrari<\/li>\n<\/ul>\t\t\t\t\t\t\t\t<\/div>\n\t\t\t\t<\/div>\n\t\t\t\t\t<\/div>\n\t\t<\/div>\n\t\t\t\t<div class=\"elementor-column elementor-col-50 elementor-inner-column elementor-element elementor-element-9d49b6f\" data-id=\"9d49b6f\" data-element_type=\"column\">\n\t\t\t<div class=\"elementor-widget-wrap elementor-element-populated\">\n\t\t\t\t\t\t<div class=\"elementor-element elementor-element-577a1fc elementor-widget elementor-widget-text-editor\" data-id=\"577a1fc\" data-element_type=\"widget\" data-widget_type=\"text-editor.default\">\n\t\t\t\t<div class=\"elementor-widget-container\">\n\t\t\t\t\t\t\t\t\t<ul><li>Ant\u00f2nia Vil\u00e0s i Ferr\u00e0ndiz<\/li><li>Emiliana de Zubeldia<\/li><li>Eva Ugalde<\/li><li>Julia Maria Dopico<\/li><li>Maria Teresa Vera<\/li><li>Consuelo Vel\u00e1zquez<\/li><li>Beatriz Corona<\/li><li>Liliana Cangiano<\/li><\/ul>\t\t\t\t\t\t\t\t<\/div>\n\t\t\t\t<\/div>\n\t\t\t\t\t<\/div>\n\t\t<\/div>\n\t\t\t\t\t<\/div>\n\t\t<\/section>\n\t\t\t\t\t<\/div>\n\t\t<\/div>\n\t\t\t\t\t<\/div>\n\t\t<\/section>\n\t\t\t\t<section class=\"elementor-section elementor-top-section elementor-element elementor-element-502b5e4 elementor-section-full_width elementor-section-height-default elementor-section-height-default\" data-id=\"502b5e4\" data-element_type=\"section\">\n\t\t\t\t\t\t<div class=\"elementor-container elementor-column-gap-default\">\n\t\t\t\t\t<div class=\"elementor-column elementor-col-100 elementor-top-column elementor-element elementor-element-724f48e\" data-id=\"724f48e\" data-element_type=\"column\">\n\t\t\t<div class=\"elementor-widget-wrap elementor-element-populated\">\n\t\t\t\t\t\t<div class=\"elementor-element elementor-element-fede0d5 elementor-widget-divider--view-line elementor-widget elementor-widget-divider\" data-id=\"fede0d5\" data-element_type=\"widget\" data-widget_type=\"divider.default\">\n\t\t\t\t<div class=\"elementor-widget-container\">\n\t\t\t\t\t\t\t<div class=\"elementor-divider\">\n\t\t\t<span class=\"elementor-divider-separator\">\n\t\t\t\t\t\t<\/span>\n\t\t<\/div>\n\t\t\t\t\t\t<\/div>\n\t\t\t\t<\/div>\n\t\t\t\t<div class=\"elementor-element elementor-element-cda24ad elementor-widget elementor-widget-heading\" data-id=\"cda24ad\" data-element_type=\"widget\" data-widget_type=\"heading.default\">\n\t\t\t\t<div class=\"elementor-widget-container\">\n\t\t\t\t\t<h2 class=\"elementor-heading-title elementor-size-default\">COR SINE NOMINE<\/h2>\t\t\t\t<\/div>\n\t\t\t\t<\/div>\n\t\t\t\t<div class=\"elementor-element elementor-element-7ffaa9d elementor-widget-divider--view-line elementor-widget elementor-widget-divider\" data-id=\"7ffaa9d\" data-element_type=\"widget\" data-widget_type=\"divider.default\">\n\t\t\t\t<div class=\"elementor-widget-container\">\n\t\t\t\t\t\t\t<div class=\"elementor-divider\">\n\t\t\t<span class=\"elementor-divider-separator\">\n\t\t\t\t\t\t<\/span>\n\t\t<\/div>\n\t\t\t\t\t\t<\/div>\n\t\t\t\t<\/div>\n\t\t\t\t\t<\/div>\n\t\t<\/div>\n\t\t\t\t\t<\/div>\n\t\t<\/section>\n\t\t\t\t<section class=\"elementor-section elementor-top-section elementor-element elementor-element-db26b64 elementor-section-boxed elementor-section-height-default elementor-section-height-default\" data-id=\"db26b64\" data-element_type=\"section\">\n\t\t\t\t\t\t<div class=\"elementor-container elementor-column-gap-default\">\n\t\t\t\t\t<div class=\"elementor-column elementor-col-50 elementor-top-column elementor-element elementor-element-b354b41\" data-id=\"b354b41\" data-element_type=\"column\">\n\t\t\t<div class=\"elementor-widget-wrap elementor-element-populated\">\n\t\t\t\t\t\t<div class=\"elementor-element elementor-element-cf4f027 elementor-widget elementor-widget-text-editor\" data-id=\"cf4f027\" data-element_type=\"widget\" data-widget_type=\"text-editor.default\">\n\t\t\t\t<div class=\"elementor-widget-container\">\n\t\t\t\t\t\t\t\t\t<p>Cor integrat per 18 joves amb una formaci\u00f3 vocal consolidada i un ampli repertori que inclou tots els g\u00e8neres i \u00e8poques. Van iniciar el seu recorregut com a coral infantil del&nbsp;<b>Col\u00b7legi Sagrats Cors<\/b> i, des dels 6 anys, han rebut classes de t\u00e8cnica vocal per tal d\u2019assolir&nbsp;una alta capacitaci\u00f3 per afrontar tot tipus de repertori amb excel\u00b7lents resultats.<\/p>\n<p>La seva activitat concert\u00edstica s\u2019ha desenvolupat als escenaris m\u00e9s prestigiosos de <b>Catalunya&nbsp;<\/b><span style=\"font-family: var( --e-global-typography-text-font-family ), Sans-serif; font-weight: var( --e-global-typography-text-font-weight ); font-size: 1rem;\">(L\u2019Auditori, Palau de la M\u00fasica, Teatre Nacional de Catalunya, Reials Acad\u00e8mies de Belles&nbsp;<\/span><span style=\"font-family: var( --e-global-typography-text-font-family ), Sans-serif; font-weight: var( --e-global-typography-text-font-weight ); font-size: 1rem;\">Arts i Bones Lletres, Auditori Winterthur&#8230;), d\u2019<\/span><span style=\"font-family: var( --e-global-typography-text-font-family ), Sans-serif; font-size: 1rem;\"><b>Espanya<\/b><\/span><span style=\"font-family: var( --e-global-typography-text-font-family ), Sans-serif; font-weight: var( --e-global-typography-text-font-weight ); font-size: 1rem;\"> (Andalusia, Arag\u00f3, Castella i Lle\u00f3,&nbsp;<\/span><span style=\"font-family: var( --e-global-typography-text-font-family ), Sans-serif; font-weight: var( --e-global-typography-text-font-weight ); font-size: 1rem;\">Catalunya, Comunitat Valenciana, Gal\u00edcia, Madrid, Navarra, Pa\u00eds Basc), aix\u00ed com en diferents&nbsp;<\/span><span style=\"font-family: var( --e-global-typography-text-font-family ), Sans-serif; font-weight: var( --e-global-typography-text-font-weight ); font-size: 1rem;\">ciutats d\u2019<\/span><span style=\"font-family: var( --e-global-typography-text-font-family ), Sans-serif; font-size: 1rem;\"><b>Alemanya<\/b><\/span><span style=\"font-family: var( --e-global-typography-text-font-family ), Sans-serif; font-weight: var( --e-global-typography-text-font-weight ); font-size: 1rem;\">, <\/span><span style=\"font-family: var( --e-global-typography-text-font-family ), Sans-serif; font-size: 1rem;\"><b>Fran\u00e7a<\/b><\/span><span style=\"font-family: var( --e-global-typography-text-font-family ), Sans-serif; font-weight: var( --e-global-typography-text-font-weight ); font-size: 1rem;\">, <\/span><span style=\"font-family: var( --e-global-typography-text-font-family ), Sans-serif; font-size: 1rem;\"><b>It\u00e0lia<\/b><\/span><span style=\"font-family: var( --e-global-typography-text-font-family ), Sans-serif; font-weight: var( --e-global-typography-text-font-weight ); font-size: 1rem;\">, <\/span><span style=\"font-family: var( --e-global-typography-text-font-family ), Sans-serif; font-size: 1rem;\"><b>Portugal <\/b><\/span><span style=\"font-family: var( --e-global-typography-text-font-family ), Sans-serif; font-weight: var( --e-global-typography-text-font-weight ); font-size: 1rem;\">i els <\/span><span style=\"font-family: var( --e-global-typography-text-font-family ), Sans-serif; font-size: 1rem;\"><b>Estats Units<\/b><\/span><span style=\"font-family: var( --e-global-typography-text-font-family ), Sans-serif; font-weight: var( --e-global-typography-text-font-weight ); font-size: 1rem;\"> (Nova York i Washington).<\/span><\/p><p>Des de la seva fundaci\u00f3, el cor ha estat dirigit per <b>Bego\u00f1a L\u00f3pez<\/b>.<\/p>\t\t\t\t\t\t\t\t<\/div>\n\t\t\t\t<\/div>\n\t\t\t\t\t<\/div>\n\t\t<\/div>\n\t\t\t\t<div class=\"elementor-column elementor-col-50 elementor-top-column elementor-element elementor-element-2dbf860\" data-id=\"2dbf860\" data-element_type=\"column\">\n\t\t\t<div class=\"elementor-widget-wrap elementor-element-populated\">\n\t\t\t\t\t\t<div class=\"elementor-element elementor-element-cdca4f5 elementor-widget elementor-widget-image\" data-id=\"cdca4f5\" data-element_type=\"widget\" data-widget_type=\"image.default\">\n\t\t\t\t<div class=\"elementor-widget-container\">\n\t\t\t\t\t\t\t\t\t\t\t\t\t\t\t<img decoding=\"async\" width=\"800\" height=\"504\" src=\"https:\/\/ateneuadrianenc.cat\/home\/wp-content\/uploads\/2024\/10\/Captura-2.jpg\" class=\"attachment-large size-large wp-image-10330\" alt=\"\" srcset=\"https:\/\/ateneuadrianenc.cat\/home\/wp-content\/uploads\/2024\/10\/Captura-2.jpg 807w, https:\/\/ateneuadrianenc.cat\/home\/wp-content\/uploads\/2024\/10\/Captura-2-300x189.jpg 300w, https:\/\/ateneuadrianenc.cat\/home\/wp-content\/uploads\/2024\/10\/Captura-2-768x483.jpg 768w\" sizes=\"(max-width: 800px) 100vw, 800px\" \/>\t\t\t\t\t\t\t\t\t\t\t\t\t\t\t<\/div>\n\t\t\t\t<\/div>\n\t\t\t\t\t<\/div>\n\t\t<\/div>\n\t\t\t\t\t<\/div>\n\t\t<\/section>\n\t\t\t\t<section class=\"elementor-section elementor-top-section elementor-element elementor-element-de30ce5 elementor-section-boxed elementor-section-height-default elementor-section-height-default\" data-id=\"de30ce5\" data-element_type=\"section\">\n\t\t\t\t\t\t<div class=\"elementor-container elementor-column-gap-default\">\n\t\t\t\t\t<div class=\"elementor-column elementor-col-100 elementor-top-column elementor-element elementor-element-f7e0c2c\" data-id=\"f7e0c2c\" data-element_type=\"column\">\n\t\t\t<div class=\"elementor-widget-wrap elementor-element-populated\">\n\t\t\t\t\t\t<div class=\"elementor-element elementor-element-23f6ad4 elementor-widget-divider--view-line elementor-widget elementor-widget-divider\" data-id=\"23f6ad4\" data-element_type=\"widget\" data-widget_type=\"divider.default\">\n\t\t\t\t<div class=\"elementor-widget-container\">\n\t\t\t\t\t\t\t<div class=\"elementor-divider\">\n\t\t\t<span class=\"elementor-divider-separator\">\n\t\t\t\t\t\t<\/span>\n\t\t<\/div>\n\t\t\t\t\t\t<\/div>\n\t\t\t\t<\/div>\n\t\t\t\t\t<\/div>\n\t\t<\/div>\n\t\t\t\t\t<\/div>\n\t\t<\/section>\n\t\t\t\t<\/div>\n\t\t","protected":false},"excerpt":{"rendered":"<p>En clau de dones COR SINE NOMINE Homenatge a les dones compositores Les dones van treballar com a compositores, int\u00e8rprets o mecenes al llarg de la hist\u00f2ria, per\u00f2 habitualment van romandre a l&#8217;ombra dels homes. Tamb\u00e9 \u00e9s cert que,&nbsp;a partir del s. XVIII, les dones van aconseguir participar de forma una mica m\u00e9s activa, tot [&hellip;]<\/p>\n","protected":false},"author":1,"featured_media":10353,"comment_status":"closed","ping_status":"open","sticky":false,"template":"","format":"standard","meta":{"footnotes":""},"categories":[4],"tags":[],"class_list":["post-10324","post","type-post","status-publish","format-standard","has-post-thumbnail","hentry","category-portada"],"_links":{"self":[{"href":"https:\/\/ateneuadrianenc.cat\/home\/wp-json\/wp\/v2\/posts\/10324","targetHints":{"allow":["GET"]}}],"collection":[{"href":"https:\/\/ateneuadrianenc.cat\/home\/wp-json\/wp\/v2\/posts"}],"about":[{"href":"https:\/\/ateneuadrianenc.cat\/home\/wp-json\/wp\/v2\/types\/post"}],"author":[{"embeddable":true,"href":"https:\/\/ateneuadrianenc.cat\/home\/wp-json\/wp\/v2\/users\/1"}],"replies":[{"embeddable":true,"href":"https:\/\/ateneuadrianenc.cat\/home\/wp-json\/wp\/v2\/comments?post=10324"}],"version-history":[{"count":26,"href":"https:\/\/ateneuadrianenc.cat\/home\/wp-json\/wp\/v2\/posts\/10324\/revisions"}],"predecessor-version":[{"id":10355,"href":"https:\/\/ateneuadrianenc.cat\/home\/wp-json\/wp\/v2\/posts\/10324\/revisions\/10355"}],"wp:featuredmedia":[{"embeddable":true,"href":"https:\/\/ateneuadrianenc.cat\/home\/wp-json\/wp\/v2\/media\/10353"}],"wp:attachment":[{"href":"https:\/\/ateneuadrianenc.cat\/home\/wp-json\/wp\/v2\/media?parent=10324"}],"wp:term":[{"taxonomy":"category","embeddable":true,"href":"https:\/\/ateneuadrianenc.cat\/home\/wp-json\/wp\/v2\/categories?post=10324"},{"taxonomy":"post_tag","embeddable":true,"href":"https:\/\/ateneuadrianenc.cat\/home\/wp-json\/wp\/v2\/tags?post=10324"}],"curies":[{"name":"wp","href":"https:\/\/api.w.org\/{rel}","templated":true}]}}