{"id":13357,"date":"2025-10-12T19:02:16","date_gmt":"2025-10-12T17:02:16","guid":{"rendered":"https:\/\/ateneuadrianenc.cat\/home\/?p=13357"},"modified":"2025-10-12T19:55:37","modified_gmt":"2025-10-12T17:55:37","slug":"creacio-fons-documental","status":"publish","type":"post","link":"https:\/\/ateneuadrianenc.cat\/home\/creacio-fons-documental\/","title":{"rendered":"Creaci\u00f3 Fons Documental"},"content":{"rendered":"\t\t<div data-elementor-type=\"wp-post\" data-elementor-id=\"13357\" class=\"elementor elementor-13357\" data-elementor-post-type=\"post\">\n\t\t\t\t\t\t<section class=\"elementor-section elementor-top-section elementor-element elementor-element-ae25ffc elementor-section-full_width elementor-section-height-default elementor-section-height-default\" data-id=\"ae25ffc\" data-element_type=\"section\">\n\t\t\t\t\t\t<div class=\"elementor-container elementor-column-gap-default\">\n\t\t\t\t\t<div class=\"elementor-column elementor-col-100 elementor-top-column elementor-element elementor-element-01b3367\" data-id=\"01b3367\" data-element_type=\"column\">\n\t\t\t<div class=\"elementor-widget-wrap elementor-element-populated\">\n\t\t\t\t\t\t<div class=\"elementor-element elementor-element-81918d0 elementor-widget elementor-widget-heading\" data-id=\"81918d0\" data-element_type=\"widget\" data-widget_type=\"heading.default\">\n\t\t\t\t<div class=\"elementor-widget-container\">\n\t\t\t\t\t<h2 class=\"elementor-heading-title elementor-size-default\">El fons documental de l'Ateneu a l'Arxiu Municipal<\/h2>\t\t\t\t<\/div>\n\t\t\t\t<\/div>\n\t\t\t\t\t<\/div>\n\t\t<\/div>\n\t\t\t\t\t<\/div>\n\t\t<\/section>\n\t\t\t\t<section class=\"elementor-section elementor-top-section elementor-element elementor-element-619ede0 elementor-section-boxed elementor-section-height-default elementor-section-height-default\" data-id=\"619ede0\" data-element_type=\"section\">\n\t\t\t\t\t\t<div class=\"elementor-container elementor-column-gap-default\">\n\t\t\t\t\t<div class=\"elementor-column elementor-col-50 elementor-top-column elementor-element elementor-element-fe8d523\" data-id=\"fe8d523\" data-element_type=\"column\">\n\t\t\t<div class=\"elementor-widget-wrap elementor-element-populated\">\n\t\t\t\t\t\t<div class=\"elementor-element elementor-element-c32d67c elementor-widget elementor-widget-text-editor\" data-id=\"c32d67c\" data-element_type=\"widget\" data-widget_type=\"text-editor.default\">\n\t\t\t\t<div class=\"elementor-widget-container\">\n\t\t\t\t\t\t\t\t\t<p>La documentaci\u00f3 hist\u00f2rica de l&#8217;<b>Ateneu Adrianenc<\/b> forma part de l&#8217;<b>Arxiu Municipal de Sant Adri\u00e0 de Bes\u00f2s<\/b> a partir del <i><b>10 de<\/b><\/i> <i><b>setembre de 2025.&nbsp;<\/b><\/i><\/p>\n<p><i>G<\/i>r\u00e0cies al Conveni signat entre l&#8217;Ateneu i l&#8217;<b>Ajuntament de Sant Adri\u00e0 de Bes\u00f2s,&nbsp;<\/b>la custodia de la documentaci\u00f3 centen\u00e0ria de l&#8217;Ateneu forma part del patrimoni hist\u00f2ric local de la nostra ciutat.<\/p>\n<p>La <b>Junta de l&#8217;Ateneu<\/b> va prendre la decisi\u00f3 de donar l&#8217;arxiu existent a l&#8217;entitat per salvaguardar la documentaci\u00f3 hist\u00f2rica en bones condicions i&nbsp; aix\u00ed, posar en mans d&#8217;especialistes arxivers, tots els documents romanents a la seu de l&#8217;entitat desde la seva creaci\u00f3.<\/p>\n<p>La documentaci\u00f3 ha sigut inventariada i escanejada per ser accesible mitjan\u00e7ant la plataforma d&#8217;arxius en l\u00ednia de la <b>Generalitat de Catalunya<\/b>.<\/p>\t\t\t\t\t\t\t\t<\/div>\n\t\t\t\t<\/div>\n\t\t\t\t\t<\/div>\n\t\t<\/div>\n\t\t\t\t<div class=\"elementor-column elementor-col-50 elementor-top-column elementor-element elementor-element-f87bae2\" data-id=\"f87bae2\" data-element_type=\"column\">\n\t\t\t<div class=\"elementor-widget-wrap elementor-element-populated\">\n\t\t\t\t\t\t<div class=\"elementor-element elementor-element-4a5298b elementor-widget elementor-widget-image\" data-id=\"4a5298b\" data-element_type=\"widget\" data-widget_type=\"image.default\">\n\t\t\t\t<div class=\"elementor-widget-container\">\n\t\t\t\t\t\t\t\t\t\t\t\t\t\t\t<img fetchpriority=\"high\" decoding=\"async\" width=\"702\" height=\"491\" src=\"https:\/\/ateneuadrianenc.cat\/home\/wp-content\/uploads\/2025\/10\/Captura-1.jpg\" class=\"attachment-large size-large wp-image-13366\" alt=\"\" srcset=\"https:\/\/ateneuadrianenc.cat\/home\/wp-content\/uploads\/2025\/10\/Captura-1.jpg 702w, https:\/\/ateneuadrianenc.cat\/home\/wp-content\/uploads\/2025\/10\/Captura-1-300x210.jpg 300w\" sizes=\"(max-width: 702px) 100vw, 702px\" \/>\t\t\t\t\t\t\t\t\t\t\t\t\t\t\t<\/div>\n\t\t\t\t<\/div>\n\t\t\t\t<div class=\"elementor-element elementor-element-157ad25 elementor-align-center elementor-widget elementor-widget-button\" data-id=\"157ad25\" data-element_type=\"widget\" data-widget_type=\"button.default\">\n\t\t\t\t<div class=\"elementor-widget-container\">\n\t\t\t\t\t\t\t\t\t<div class=\"elementor-button-wrapper\">\n\t\t\t\t\t<a class=\"elementor-button elementor-button-link elementor-size-sm\" href=\"https:\/\/www.sant-adria.cat\/arxiu\/fons-documentals\/cercador\">\n\t\t\t\t\t\t<span class=\"elementor-button-content-wrapper\">\n\t\t\t\t\t\t\t\t\t<span class=\"elementor-button-text\">Acc\u00e9s Arxius en l\u00ednia<\/span>\n\t\t\t\t\t<\/span>\n\t\t\t\t\t<\/a>\n\t\t\t\t<\/div>\n\t\t\t\t\t\t\t\t<\/div>\n\t\t\t\t<\/div>\n\t\t\t\t\t<\/div>\n\t\t<\/div>\n\t\t\t\t\t<\/div>\n\t\t<\/section>\n\t\t\t\t<section class=\"elementor-section elementor-top-section elementor-element elementor-element-d6a73f1 elementor-section-boxed elementor-section-height-default elementor-section-height-default\" data-id=\"d6a73f1\" data-element_type=\"section\">\n\t\t\t\t\t\t<div class=\"elementor-container elementor-column-gap-default\">\n\t\t\t\t\t<div class=\"elementor-column elementor-col-100 elementor-top-column elementor-element elementor-element-6fbb1e0\" data-id=\"6fbb1e0\" data-element_type=\"column\">\n\t\t\t<div class=\"elementor-widget-wrap elementor-element-populated\">\n\t\t\t\t\t\t<div class=\"elementor-element elementor-element-693f169 elementor-widget-divider--view-line elementor-widget elementor-widget-divider\" data-id=\"693f169\" data-element_type=\"widget\" data-widget_type=\"divider.default\">\n\t\t\t\t<div class=\"elementor-widget-container\">\n\t\t\t\t\t\t\t<div class=\"elementor-divider\">\n\t\t\t<span class=\"elementor-divider-separator\">\n\t\t\t\t\t\t<\/span>\n\t\t<\/div>\n\t\t\t\t\t\t<\/div>\n\t\t\t\t<\/div>\n\t\t\t\t\t<\/div>\n\t\t<\/div>\n\t\t\t\t\t<\/div>\n\t\t<\/section>\n\t\t\t\t<\/div>\n\t\t","protected":false},"excerpt":{"rendered":"<p>El fons documental de l&#8217;Ateneu a l&#8217;Arxiu Municipal La documentaci\u00f3 hist\u00f2rica de l&#8217;Ateneu Adrianenc forma part de l&#8217;Arxiu Municipal de Sant Adri\u00e0 de Bes\u00f2s a partir del 10 de setembre de 2025.&nbsp; Gr\u00e0cies al Conveni signat entre l&#8217;Ateneu i l&#8217;Ajuntament de Sant Adri\u00e0 de Bes\u00f2s,&nbsp;la custodia de la documentaci\u00f3 centen\u00e0ria de l&#8217;Ateneu forma part del [&hellip;]<\/p>\n","protected":false},"author":1,"featured_media":13358,"comment_status":"closed","ping_status":"open","sticky":false,"template":"","format":"standard","meta":{"footnotes":""},"categories":[6,4],"tags":[],"class_list":["post-13357","post","type-post","status-publish","format-standard","has-post-thumbnail","hentry","category-noticies","category-portada"],"_links":{"self":[{"href":"https:\/\/ateneuadrianenc.cat\/home\/wp-json\/wp\/v2\/posts\/13357","targetHints":{"allow":["GET"]}}],"collection":[{"href":"https:\/\/ateneuadrianenc.cat\/home\/wp-json\/wp\/v2\/posts"}],"about":[{"href":"https:\/\/ateneuadrianenc.cat\/home\/wp-json\/wp\/v2\/types\/post"}],"author":[{"embeddable":true,"href":"https:\/\/ateneuadrianenc.cat\/home\/wp-json\/wp\/v2\/users\/1"}],"replies":[{"embeddable":true,"href":"https:\/\/ateneuadrianenc.cat\/home\/wp-json\/wp\/v2\/comments?post=13357"}],"version-history":[{"count":43,"href":"https:\/\/ateneuadrianenc.cat\/home\/wp-json\/wp\/v2\/posts\/13357\/revisions"}],"predecessor-version":[{"id":13405,"href":"https:\/\/ateneuadrianenc.cat\/home\/wp-json\/wp\/v2\/posts\/13357\/revisions\/13405"}],"wp:featuredmedia":[{"embeddable":true,"href":"https:\/\/ateneuadrianenc.cat\/home\/wp-json\/wp\/v2\/media\/13358"}],"wp:attachment":[{"href":"https:\/\/ateneuadrianenc.cat\/home\/wp-json\/wp\/v2\/media?parent=13357"}],"wp:term":[{"taxonomy":"category","embeddable":true,"href":"https:\/\/ateneuadrianenc.cat\/home\/wp-json\/wp\/v2\/categories?post=13357"},{"taxonomy":"post_tag","embeddable":true,"href":"https:\/\/ateneuadrianenc.cat\/home\/wp-json\/wp\/v2\/tags?post=13357"}],"curies":[{"name":"wp","href":"https:\/\/api.w.org\/{rel}","templated":true}]}}