{"id":3904,"date":"2023-06-01T20:01:50","date_gmt":"2023-06-01T18:01:50","guid":{"rendered":"https:\/\/ateneuadrianenc.cat\/home\/?p=3904"},"modified":"2023-06-03T14:04:33","modified_gmt":"2023-06-03T12:04:33","slug":"les-tres-xemeneies-de-sant-adria-dimecres-7-de-juny-18-h-sala-pi-i-sunyer-barcelona","status":"publish","type":"post","link":"https:\/\/ateneuadrianenc.cat\/home\/les-tres-xemeneies-de-sant-adria-dimecres-7-de-juny-18-h-sala-pi-i-sunyer-barcelona\/","title":{"rendered":"Les tres xemeneies de Sant Adri\u00e0 &#8211; Dimecres 7 de juny 18 h Sala Pi i Sunyer (Barcelona)"},"content":{"rendered":"\t\t<div data-elementor-type=\"wp-post\" data-elementor-id=\"3904\" class=\"elementor elementor-3904\" data-elementor-post-type=\"post\">\n\t\t\t\t\t\t<section class=\"elementor-section elementor-top-section elementor-element elementor-element-e6050c0 elementor-section-boxed elementor-section-height-default elementor-section-height-default\" data-id=\"e6050c0\" data-element_type=\"section\">\n\t\t\t\t\t\t<div class=\"elementor-container elementor-column-gap-default\">\n\t\t\t\t\t<div class=\"elementor-column elementor-col-100 elementor-top-column elementor-element elementor-element-77229cd\" data-id=\"77229cd\" data-element_type=\"column\">\n\t\t\t<div class=\"elementor-widget-wrap elementor-element-populated\">\n\t\t\t\t\t\t<div class=\"elementor-element elementor-element-b90915a elementor-widget elementor-widget-heading\" data-id=\"b90915a\" data-element_type=\"widget\" data-widget_type=\"heading.default\">\n\t\t\t\t<div class=\"elementor-widget-container\">\n\t\t\t\t\t<h5 class=\"elementor-heading-title elementor-size-default\">Dimecres, 7 de juny de 2023<\/h5>\t\t\t\t<\/div>\n\t\t\t\t<\/div>\n\t\t\t\t<div class=\"elementor-element elementor-element-c68a266 elementor-widget elementor-widget-text-editor\" data-id=\"c68a266\" data-element_type=\"widget\" data-widget_type=\"text-editor.default\">\n\t\t\t\t<div class=\"elementor-widget-container\">\n\t\t\t\t\t\t\t\t\t<h3><b>Les tres xemeneies de Sant Adri\u00e0, protecci\u00f3 i desprotecci\u00f3 del patrimoni industrial<\/b><\/h3>\t\t\t\t\t\t\t\t<\/div>\n\t\t\t\t<\/div>\n\t\t\t\t\t<\/div>\n\t\t<\/div>\n\t\t\t\t\t<\/div>\n\t\t<\/section>\n\t\t\t\t<section class=\"elementor-section elementor-top-section elementor-element elementor-element-22092f3 elementor-section-boxed elementor-section-height-default elementor-section-height-default\" data-id=\"22092f3\" data-element_type=\"section\">\n\t\t\t\t\t\t<div class=\"elementor-container elementor-column-gap-default\">\n\t\t\t\t\t<div class=\"elementor-column elementor-col-100 elementor-top-column elementor-element elementor-element-c741786\" data-id=\"c741786\" data-element_type=\"column\">\n\t\t\t<div class=\"elementor-widget-wrap elementor-element-populated\">\n\t\t\t\t\t\t<div class=\"elementor-element elementor-element-6568be5 elementor-widget elementor-widget-text-editor\" data-id=\"6568be5\" data-element_type=\"widget\" data-widget_type=\"text-editor.default\">\n\t\t\t\t<div class=\"elementor-widget-container\">\n\t\t\t\t\t\t\t\t\t<p>A l&#8217;octubre de 2021 l&#8217;Ajuntament de Sant Adri\u00e0 del Bes\u00f2s va aprovar una modificaci\u00f3 de les condicions de declaraci\u00f3 de <b>B\u00e9 Cultural d&#8217;Inter\u00e9s Local (BCIL)<\/b> amb la que es va protegir el 2016 les Tres Xemeneies de l&#8217;antiga t\u00e8rmica del Bes\u00f2s.<\/p>\n<p>L&#8217;objectiu va ser relaxar les restrictives condicions de l&#8217;anteriror declaraci\u00f3 de BCIL per la qual les tres torres i la sala de turbines eran intocables.<\/p>\n<p>Grups medi\u00e0tics, pretenian ubicar a l&#8217;antiga t\u00e8rmica, una de les seus d&#8217;un futur parc audiovisual. Tamb\u00e9 s&#8217;han proposat projectes de gesti\u00f3 i \u00fas per allotjament tur\u00edstic, per\u00f2&#8230;<\/p>\n<h4><i><b>Quin \u00e9s realment el futur m\u00e9s immediat d&#8217;un dels nostres principals icones de Sant Adri\u00e0 del Bes\u00f2s?<\/b><\/i><\/h4>\n<p>Roger Hoyos i Jordi Rogent intervindran per apropar-nos a aquest patrimoni industrial i el seu aprofitament com a element urban\u00edstic de la ciutat.<\/p>\t\t\t\t\t\t\t\t<\/div>\n\t\t\t\t<\/div>\n\t\t\t\t<div class=\"elementor-element elementor-element-2de84c2 elementor-widget elementor-widget-image\" data-id=\"2de84c2\" data-element_type=\"widget\" data-widget_type=\"image.default\">\n\t\t\t\t<div class=\"elementor-widget-container\">\n\t\t\t\t\t\t\t\t\t\t\t\t\t\t\t<img fetchpriority=\"high\" decoding=\"async\" width=\"800\" height=\"567\" src=\"https:\/\/ateneuadrianenc.cat\/home\/wp-content\/uploads\/2023\/06\/WhatsApp-Image-2023-05-31-at-21.43.57-1024x726.jpeg\" class=\"attachment-large size-large wp-image-3905\" alt=\"\" srcset=\"https:\/\/ateneuadrianenc.cat\/home\/wp-content\/uploads\/2023\/06\/WhatsApp-Image-2023-05-31-at-21.43.57-1024x726.jpeg 1024w, https:\/\/ateneuadrianenc.cat\/home\/wp-content\/uploads\/2023\/06\/WhatsApp-Image-2023-05-31-at-21.43.57-300x213.jpeg 300w, https:\/\/ateneuadrianenc.cat\/home\/wp-content\/uploads\/2023\/06\/WhatsApp-Image-2023-05-31-at-21.43.57-768x545.jpeg 768w, https:\/\/ateneuadrianenc.cat\/home\/wp-content\/uploads\/2023\/06\/WhatsApp-Image-2023-05-31-at-21.43.57-1536x1090.jpeg 1536w, https:\/\/ateneuadrianenc.cat\/home\/wp-content\/uploads\/2023\/06\/WhatsApp-Image-2023-05-31-at-21.43.57.jpeg 1600w\" sizes=\"(max-width: 800px) 100vw, 800px\" \/>\t\t\t\t\t\t\t\t\t\t\t\t\t\t\t<\/div>\n\t\t\t\t<\/div>\n\t\t\t\t<div class=\"elementor-element elementor-element-a444719 elementor-widget-divider--view-line elementor-widget elementor-widget-divider\" data-id=\"a444719\" data-element_type=\"widget\" data-widget_type=\"divider.default\">\n\t\t\t\t<div class=\"elementor-widget-container\">\n\t\t\t\t\t\t\t<div class=\"elementor-divider\">\n\t\t\t<span class=\"elementor-divider-separator\">\n\t\t\t\t\t\t<\/span>\n\t\t<\/div>\n\t\t\t\t\t\t<\/div>\n\t\t\t\t<\/div>\n\t\t\t\t\t<\/div>\n\t\t<\/div>\n\t\t\t\t\t<\/div>\n\t\t<\/section>\n\t\t\t\t<\/div>\n\t\t","protected":false},"excerpt":{"rendered":"<p>Dimecres, 7 de juny de 2023 Les tres xemeneies de Sant Adri\u00e0, protecci\u00f3 i desprotecci\u00f3 del patrimoni industrial A l&#8217;octubre de 2021 l&#8217;Ajuntament de Sant Adri\u00e0 del Bes\u00f2s va aprovar una modificaci\u00f3 de les condicions de declaraci\u00f3 de B\u00e9 Cultural d&#8217;Inter\u00e9s Local (BCIL) amb la que es va protegir el 2016 les Tres Xemeneies de [&hellip;]<\/p>\n","protected":false},"author":1,"featured_media":4064,"comment_status":"closed","ping_status":"open","sticky":false,"template":"elementor_header_footer","format":"standard","meta":{"footnotes":""},"categories":[6],"tags":[],"class_list":["post-3904","post","type-post","status-publish","format-standard","has-post-thumbnail","hentry","category-noticies"],"_links":{"self":[{"href":"https:\/\/ateneuadrianenc.cat\/home\/wp-json\/wp\/v2\/posts\/3904","targetHints":{"allow":["GET"]}}],"collection":[{"href":"https:\/\/ateneuadrianenc.cat\/home\/wp-json\/wp\/v2\/posts"}],"about":[{"href":"https:\/\/ateneuadrianenc.cat\/home\/wp-json\/wp\/v2\/types\/post"}],"author":[{"embeddable":true,"href":"https:\/\/ateneuadrianenc.cat\/home\/wp-json\/wp\/v2\/users\/1"}],"replies":[{"embeddable":true,"href":"https:\/\/ateneuadrianenc.cat\/home\/wp-json\/wp\/v2\/comments?post=3904"}],"version-history":[{"count":96,"href":"https:\/\/ateneuadrianenc.cat\/home\/wp-json\/wp\/v2\/posts\/3904\/revisions"}],"predecessor-version":[{"id":4146,"href":"https:\/\/ateneuadrianenc.cat\/home\/wp-json\/wp\/v2\/posts\/3904\/revisions\/4146"}],"wp:featuredmedia":[{"embeddable":true,"href":"https:\/\/ateneuadrianenc.cat\/home\/wp-json\/wp\/v2\/media\/4064"}],"wp:attachment":[{"href":"https:\/\/ateneuadrianenc.cat\/home\/wp-json\/wp\/v2\/media?parent=3904"}],"wp:term":[{"taxonomy":"category","embeddable":true,"href":"https:\/\/ateneuadrianenc.cat\/home\/wp-json\/wp\/v2\/categories?post=3904"},{"taxonomy":"post_tag","embeddable":true,"href":"https:\/\/ateneuadrianenc.cat\/home\/wp-json\/wp\/v2\/tags?post=3904"}],"curies":[{"name":"wp","href":"https:\/\/api.w.org\/{rel}","templated":true}]}}