{"id":4250,"date":"2023-06-09T23:20:20","date_gmt":"2023-06-09T21:20:20","guid":{"rendered":"https:\/\/ateneuadrianenc.cat\/home\/?p=4250"},"modified":"2023-06-09T23:45:27","modified_gmt":"2023-06-09T21:45:27","slug":"xerrada-la-memoria-del-riu-besos","status":"publish","type":"post","link":"https:\/\/ateneuadrianenc.cat\/home\/xerrada-la-memoria-del-riu-besos\/","title":{"rendered":"Xerrada: La mem\u00f2ria del riu Bes\u00f2s"},"content":{"rendered":"\t\t<div data-elementor-type=\"wp-post\" data-elementor-id=\"4250\" class=\"elementor elementor-4250\" data-elementor-post-type=\"post\">\n\t\t\t\t\t\t<section class=\"elementor-section elementor-top-section elementor-element elementor-element-43365c8 elementor-section-boxed elementor-section-height-default elementor-section-height-default\" data-id=\"43365c8\" data-element_type=\"section\">\n\t\t\t\t\t\t<div class=\"elementor-container elementor-column-gap-default\">\n\t\t\t\t\t<div class=\"elementor-column elementor-col-100 elementor-top-column elementor-element elementor-element-e33c96f\" data-id=\"e33c96f\" data-element_type=\"column\">\n\t\t\t<div class=\"elementor-widget-wrap elementor-element-populated\">\n\t\t\t\t\t\t<div class=\"elementor-element elementor-element-7aa9585 elementor-widget elementor-widget-spacer\" data-id=\"7aa9585\" data-element_type=\"widget\" data-widget_type=\"spacer.default\">\n\t\t\t\t<div class=\"elementor-widget-container\">\n\t\t\t\t\t\t\t<div class=\"elementor-spacer\">\n\t\t\t<div class=\"elementor-spacer-inner\"><\/div>\n\t\t<\/div>\n\t\t\t\t\t\t<\/div>\n\t\t\t\t<\/div>\n\t\t\t\t<div class=\"elementor-element elementor-element-93596e2 elementor-widget elementor-widget-heading\" data-id=\"93596e2\" data-element_type=\"widget\" data-widget_type=\"heading.default\">\n\t\t\t\t<div class=\"elementor-widget-container\">\n\t\t\t\t\t<h2 class=\"elementor-heading-title elementor-size-default\">Dimarts, 13 de juny de 2023<\/h2>\t\t\t\t<\/div>\n\t\t\t\t<\/div>\n\t\t\t\t\t<\/div>\n\t\t<\/div>\n\t\t\t\t\t<\/div>\n\t\t<\/section>\n\t\t\t\t<section class=\"elementor-section elementor-top-section elementor-element elementor-element-60e1b8d elementor-section-boxed elementor-section-height-default elementor-section-height-default\" data-id=\"60e1b8d\" data-element_type=\"section\">\n\t\t\t\t\t\t<div class=\"elementor-container elementor-column-gap-default\">\n\t\t\t\t\t<div class=\"elementor-column elementor-col-100 elementor-top-column elementor-element elementor-element-774b966\" data-id=\"774b966\" data-element_type=\"column\">\n\t\t\t<div class=\"elementor-widget-wrap elementor-element-populated\">\n\t\t\t\t\t\t<div class=\"elementor-element elementor-element-4d4ca27 elementor-widget elementor-widget-heading\" data-id=\"4d4ca27\" data-element_type=\"widget\" data-widget_type=\"heading.default\">\n\t\t\t\t<div class=\"elementor-widget-container\">\n\t\t\t\t\t<h2 class=\"elementor-heading-title elementor-size-default\">La mem\u00f2ria del riu Bes\u00f2s<\/h2>\t\t\t\t<\/div>\n\t\t\t\t<\/div>\n\t\t\t\t<div class=\"elementor-element elementor-element-80daf64 elementor-widget-divider--view-line elementor-widget elementor-widget-divider\" data-id=\"80daf64\" data-element_type=\"widget\" data-widget_type=\"divider.default\">\n\t\t\t\t<div class=\"elementor-widget-container\">\n\t\t\t\t\t\t\t<div class=\"elementor-divider\">\n\t\t\t<span class=\"elementor-divider-separator\">\n\t\t\t\t\t\t<\/span>\n\t\t<\/div>\n\t\t\t\t\t\t<\/div>\n\t\t\t\t<\/div>\n\t\t\t\t\t<\/div>\n\t\t<\/div>\n\t\t\t\t\t<\/div>\n\t\t<\/section>\n\t\t\t\t<section class=\"elementor-section elementor-top-section elementor-element elementor-element-e56ebd3 elementor-section-boxed elementor-section-height-default elementor-section-height-default\" data-id=\"e56ebd3\" data-element_type=\"section\">\n\t\t\t\t\t\t<div class=\"elementor-container elementor-column-gap-default\">\n\t\t\t\t\t<div class=\"elementor-column elementor-col-50 elementor-top-column elementor-element elementor-element-744f121\" data-id=\"744f121\" data-element_type=\"column\">\n\t\t\t<div class=\"elementor-widget-wrap elementor-element-populated\">\n\t\t\t\t\t\t<div class=\"elementor-element elementor-element-31dba83 elementor-widget elementor-widget-text-editor\" data-id=\"31dba83\" data-element_type=\"widget\" data-widget_type=\"text-editor.default\">\n\t\t\t\t<div class=\"elementor-widget-container\">\n\t\t\t\t\t\t\t\t\t<p>El dimarts 13 de juny a les 18:30 hrs tindra lloc a la seu de l&#8217; <b>Arxiu Municipal de Sant Adri\u00e0 del Bes\u00f2s<\/b>, la xerrada &#8220;<b>La mem\u00f2ria del riu Bes\u00f2s<\/b>&#8221; a c\u00e0rrec d&#8217;en <i><b>David Cano<\/b><\/i>.<\/p>\n<p>L&#8217; Arxiu Municipal impulsa activitats de difusi\u00f3 relacionades amb la hist\u00f2ria i el patrimoni cultural i natural del municipi.<\/p>\n<p>L&#8217; acc\u00e9s a les xerrades \u00e9s lliure i obert a tots els p\u00fablics amb la voluntat que els assistents puguin aportar i afegir continguts, enfortint aix\u00ed la nostra mem\u00f2ria compartida.<\/p>\t\t\t\t\t\t\t\t<\/div>\n\t\t\t\t<\/div>\n\t\t\t\t\t<\/div>\n\t\t<\/div>\n\t\t\t\t<div class=\"elementor-column elementor-col-50 elementor-top-column elementor-element elementor-element-5cdb8cb\" data-id=\"5cdb8cb\" data-element_type=\"column\">\n\t\t\t<div class=\"elementor-widget-wrap elementor-element-populated\">\n\t\t\t\t\t\t<div class=\"elementor-element elementor-element-8f0e04c elementor-widget elementor-widget-image\" data-id=\"8f0e04c\" data-element_type=\"widget\" data-widget_type=\"image.default\">\n\t\t\t\t<div class=\"elementor-widget-container\">\n\t\t\t\t\t\t\t\t\t\t\t\t\t\t\t<img fetchpriority=\"high\" decoding=\"async\" width=\"472\" height=\"330\" src=\"https:\/\/ateneuadrianenc.cat\/home\/wp-content\/uploads\/2023\/06\/1.jpg\" class=\"attachment-large size-large wp-image-4278\" alt=\"\" srcset=\"https:\/\/ateneuadrianenc.cat\/home\/wp-content\/uploads\/2023\/06\/1.jpg 472w, https:\/\/ateneuadrianenc.cat\/home\/wp-content\/uploads\/2023\/06\/1-300x210.jpg 300w\" sizes=\"(max-width: 472px) 100vw, 472px\" \/>\t\t\t\t\t\t\t\t\t\t\t\t\t\t\t<\/div>\n\t\t\t\t<\/div>\n\t\t\t\t<div class=\"elementor-element elementor-element-b3bc2a8 elementor-widget-divider--view-line elementor-widget elementor-widget-divider\" data-id=\"b3bc2a8\" data-element_type=\"widget\" data-widget_type=\"divider.default\">\n\t\t\t\t<div class=\"elementor-widget-container\">\n\t\t\t\t\t\t\t<div class=\"elementor-divider\">\n\t\t\t<span class=\"elementor-divider-separator\">\n\t\t\t\t\t\t<\/span>\n\t\t<\/div>\n\t\t\t\t\t\t<\/div>\n\t\t\t\t<\/div>\n\t\t\t\t\t<\/div>\n\t\t<\/div>\n\t\t\t\t\t<\/div>\n\t\t<\/section>\n\t\t\t\t<\/div>\n\t\t","protected":false},"excerpt":{"rendered":"<p>Dimarts, 13 de juny de 2023 La mem\u00f2ria del riu Bes\u00f2s El dimarts 13 de juny a les 18:30 hrs tindra lloc a la seu de l&#8217; Arxiu Municipal de Sant Adri\u00e0 del Bes\u00f2s, la xerrada &#8220;La mem\u00f2ria del riu Bes\u00f2s&#8221; a c\u00e0rrec d&#8217;en David Cano. L&#8217; Arxiu Municipal impulsa activitats de difusi\u00f3 relacionades amb [&hellip;]<\/p>\n","protected":false},"author":1,"featured_media":4251,"comment_status":"closed","ping_status":"open","sticky":false,"template":"elementor_header_footer","format":"standard","meta":{"footnotes":""},"categories":[6],"tags":[],"class_list":["post-4250","post","type-post","status-publish","format-standard","has-post-thumbnail","hentry","category-noticies"],"_links":{"self":[{"href":"https:\/\/ateneuadrianenc.cat\/home\/wp-json\/wp\/v2\/posts\/4250","targetHints":{"allow":["GET"]}}],"collection":[{"href":"https:\/\/ateneuadrianenc.cat\/home\/wp-json\/wp\/v2\/posts"}],"about":[{"href":"https:\/\/ateneuadrianenc.cat\/home\/wp-json\/wp\/v2\/types\/post"}],"author":[{"embeddable":true,"href":"https:\/\/ateneuadrianenc.cat\/home\/wp-json\/wp\/v2\/users\/1"}],"replies":[{"embeddable":true,"href":"https:\/\/ateneuadrianenc.cat\/home\/wp-json\/wp\/v2\/comments?post=4250"}],"version-history":[{"count":34,"href":"https:\/\/ateneuadrianenc.cat\/home\/wp-json\/wp\/v2\/posts\/4250\/revisions"}],"predecessor-version":[{"id":4290,"href":"https:\/\/ateneuadrianenc.cat\/home\/wp-json\/wp\/v2\/posts\/4250\/revisions\/4290"}],"wp:featuredmedia":[{"embeddable":true,"href":"https:\/\/ateneuadrianenc.cat\/home\/wp-json\/wp\/v2\/media\/4251"}],"wp:attachment":[{"href":"https:\/\/ateneuadrianenc.cat\/home\/wp-json\/wp\/v2\/media?parent=4250"}],"wp:term":[{"taxonomy":"category","embeddable":true,"href":"https:\/\/ateneuadrianenc.cat\/home\/wp-json\/wp\/v2\/categories?post=4250"},{"taxonomy":"post_tag","embeddable":true,"href":"https:\/\/ateneuadrianenc.cat\/home\/wp-json\/wp\/v2\/tags?post=4250"}],"curies":[{"name":"wp","href":"https:\/\/api.w.org\/{rel}","templated":true}]}}