{"id":4371,"date":"2023-06-18T17:35:59","date_gmt":"2023-06-18T15:35:59","guid":{"rendered":"https:\/\/ateneuadrianenc.cat\/home\/?p=4371"},"modified":"2023-06-18T18:37:40","modified_gmt":"2023-06-18T16:37:40","slug":"tv3-podria-traslladar-se-a-les-tres-xemeneies-de-sant-adria-de-besos","status":"publish","type":"post","link":"https:\/\/ateneuadrianenc.cat\/home\/tv3-podria-traslladar-se-a-les-tres-xemeneies-de-sant-adria-de-besos\/","title":{"rendered":"Tv3 podr\u00eda traslladar-se a les Tres Xemeneies de Sant Adri\u00e0 de Bes\u00f2s"},"content":{"rendered":"\t\t<div data-elementor-type=\"wp-post\" data-elementor-id=\"4371\" class=\"elementor elementor-4371\" data-elementor-post-type=\"post\">\n\t\t\t\t\t\t<section class=\"elementor-section elementor-top-section elementor-element elementor-element-9761372 elementor-section-boxed elementor-section-height-default elementor-section-height-default\" data-id=\"9761372\" data-element_type=\"section\">\n\t\t\t\t\t\t<div class=\"elementor-container elementor-column-gap-default\">\n\t\t\t\t\t<div class=\"elementor-column elementor-col-100 elementor-top-column elementor-element elementor-element-3355657\" data-id=\"3355657\" data-element_type=\"column\">\n\t\t\t<div class=\"elementor-widget-wrap elementor-element-populated\">\n\t\t\t\t\t\t<div class=\"elementor-element elementor-element-1d862a9 elementor-widget elementor-widget-spacer\" data-id=\"1d862a9\" data-element_type=\"widget\" data-widget_type=\"spacer.default\">\n\t\t\t\t<div class=\"elementor-widget-container\">\n\t\t\t\t\t\t\t<div class=\"elementor-spacer\">\n\t\t\t<div class=\"elementor-spacer-inner\"><\/div>\n\t\t<\/div>\n\t\t\t\t\t\t<\/div>\n\t\t\t\t<\/div>\n\t\t\t\t<div class=\"elementor-element elementor-element-fd8f142 elementor-widget elementor-widget-heading\" data-id=\"fd8f142\" data-element_type=\"widget\" data-widget_type=\"heading.default\">\n\t\t\t\t<div class=\"elementor-widget-container\">\n\t\t\t\t\t<h5 class=\"elementor-heading-title elementor-size-default\">Divendres, 16 de juny de 2023<\/h5>\t\t\t\t<\/div>\n\t\t\t\t<\/div>\n\t\t\t\t<div class=\"elementor-element elementor-element-e2c0394 elementor-widget-divider--view-line elementor-widget elementor-widget-divider\" data-id=\"e2c0394\" data-element_type=\"widget\" data-widget_type=\"divider.default\">\n\t\t\t\t<div class=\"elementor-widget-container\">\n\t\t\t\t\t\t\t<div class=\"elementor-divider\">\n\t\t\t<span class=\"elementor-divider-separator\">\n\t\t\t\t\t\t<\/span>\n\t\t<\/div>\n\t\t\t\t\t\t<\/div>\n\t\t\t\t<\/div>\n\t\t\t\t\t<\/div>\n\t\t<\/div>\n\t\t\t\t\t<\/div>\n\t\t<\/section>\n\t\t\t\t<section class=\"elementor-section elementor-top-section elementor-element elementor-element-c1d722e elementor-section-boxed elementor-section-height-default elementor-section-height-default\" data-id=\"c1d722e\" data-element_type=\"section\">\n\t\t\t\t\t\t<div class=\"elementor-container elementor-column-gap-default\">\n\t\t\t\t\t<div class=\"elementor-column elementor-col-50 elementor-top-column elementor-element elementor-element-6f34306\" data-id=\"6f34306\" data-element_type=\"column\">\n\t\t\t<div class=\"elementor-widget-wrap elementor-element-populated\">\n\t\t\t\t\t\t<div class=\"elementor-element elementor-element-865fac0 elementor-widget elementor-widget-text-editor\" data-id=\"865fac0\" data-element_type=\"widget\" data-widget_type=\"text-editor.default\">\n\t\t\t\t<div class=\"elementor-widget-container\">\n\t\t\t\t\t\t\t\t\t<h5><b>Tv3 <\/b>podr\u00eda traslladar-se a la nostra ciutat, segons ha publicat el diari Ara. Aquesta decisi\u00f3 comportar\u00eda ampliar la seva manca de plat\u00f3s i espais de producci\u00f3 que actualment pateix.<\/h5>\n<p>L&#8217;\u00faltim debat electoral per les eleccions municipals es va haver de fer a un plat\u00f3 de MediaPro amb el cost corresponent que va ser de gaireb\u00e9 153.000 \u20ac.<\/p>\n<p>Actualment Tv3 disposa d&#8217;onze plat\u00f3s per portar a terme la seva programaci\u00f3 anual.<\/p>\n<p><b>LA MIRADA EN SANT ADRI\u00c0<\/b><\/p>\n<p>El gran complexe sense \u00fas de les Tres Xemeneies de Sant Adri\u00e0 amb 50.000 metres quadrats disponibles \u00e9s una posibilitat per instal\u00b7lar els futurs estudis de televisi\u00f3 de Catalunya.<\/p>\n<p>El projecte posicionaria Catalunya com un dels espais m\u00e9s moderns en el m\u00f3n audiovisual a nivell europeu i oferiria plat\u00f3s de grans dimensions i un centre de formaci\u00f3 especialitzat.<\/p>\n<p>Actualment el projecte es troba en fase d&#8217;an\u00e0lisi impulsat per la Generalitat i a l&#8217;espera de l&#8217;estudi de viabilitat de la Corporaci\u00f3 Catalana de Mitjans Audiovisuals.<\/p>\n<p><\/p>\t\t\t\t\t\t\t\t<\/div>\n\t\t\t\t<\/div>\n\t\t\t\t\t<\/div>\n\t\t<\/div>\n\t\t\t\t<div class=\"elementor-column elementor-col-50 elementor-top-column elementor-element elementor-element-da63eb6\" data-id=\"da63eb6\" data-element_type=\"column\">\n\t\t\t<div class=\"elementor-widget-wrap elementor-element-populated\">\n\t\t\t\t\t\t<div class=\"elementor-element elementor-element-9a02111 elementor-widget elementor-widget-image\" data-id=\"9a02111\" data-element_type=\"widget\" data-widget_type=\"image.default\">\n\t\t\t\t<div class=\"elementor-widget-container\">\n\t\t\t\t\t\t\t\t\t\t\t\t\t\t\t<img fetchpriority=\"high\" decoding=\"async\" width=\"293\" height=\"390\" src=\"https:\/\/ateneuadrianenc.cat\/home\/wp-content\/uploads\/2023\/06\/65142acc-6ead-4633-b9d7-35bbabb856983d60c5f88c6b694fde_20220907_142226.jpg\" class=\"attachment-full size-full wp-image-4378\" alt=\"\" srcset=\"https:\/\/ateneuadrianenc.cat\/home\/wp-content\/uploads\/2023\/06\/65142acc-6ead-4633-b9d7-35bbabb856983d60c5f88c6b694fde_20220907_142226.jpg 293w, https:\/\/ateneuadrianenc.cat\/home\/wp-content\/uploads\/2023\/06\/65142acc-6ead-4633-b9d7-35bbabb856983d60c5f88c6b694fde_20220907_142226-225x300.jpg 225w\" sizes=\"(max-width: 293px) 100vw, 293px\" \/>\t\t\t\t\t\t\t\t\t\t\t\t\t\t\t<\/div>\n\t\t\t\t<\/div>\n\t\t\t\t\t<\/div>\n\t\t<\/div>\n\t\t\t\t\t<\/div>\n\t\t<\/section>\n\t\t\t\t<section class=\"elementor-section elementor-top-section elementor-element elementor-element-0e96ba5 elementor-section-boxed elementor-section-height-default elementor-section-height-default\" data-id=\"0e96ba5\" data-element_type=\"section\">\n\t\t\t\t\t\t<div class=\"elementor-container elementor-column-gap-default\">\n\t\t\t\t\t<div class=\"elementor-column elementor-col-100 elementor-top-column elementor-element elementor-element-95d94b0\" data-id=\"95d94b0\" data-element_type=\"column\">\n\t\t\t<div class=\"elementor-widget-wrap elementor-element-populated\">\n\t\t\t\t\t\t<div class=\"elementor-element elementor-element-bf6313c elementor-widget-divider--view-line elementor-widget elementor-widget-divider\" data-id=\"bf6313c\" data-element_type=\"widget\" data-widget_type=\"divider.default\">\n\t\t\t\t<div class=\"elementor-widget-container\">\n\t\t\t\t\t\t\t<div class=\"elementor-divider\">\n\t\t\t<span class=\"elementor-divider-separator\">\n\t\t\t\t\t\t<\/span>\n\t\t<\/div>\n\t\t\t\t\t\t<\/div>\n\t\t\t\t<\/div>\n\t\t\t\t\t<\/div>\n\t\t<\/div>\n\t\t\t\t\t<\/div>\n\t\t<\/section>\n\t\t\t\t<\/div>\n\t\t","protected":false},"excerpt":{"rendered":"<p>Divendres, 16 de juny de 2023 Tv3 podr\u00eda traslladar-se a la nostra ciutat, segons ha publicat el diari Ara. Aquesta decisi\u00f3 comportar\u00eda ampliar la seva manca de plat\u00f3s i espais de producci\u00f3 que actualment pateix. L&#8217;\u00faltim debat electoral per les eleccions municipals es va haver de fer a un plat\u00f3 de MediaPro amb el cost [&hellip;]<\/p>\n","protected":false},"author":1,"featured_media":4406,"comment_status":"closed","ping_status":"open","sticky":false,"template":"","format":"standard","meta":{"footnotes":""},"categories":[6],"tags":[],"class_list":["post-4371","post","type-post","status-publish","format-standard","has-post-thumbnail","hentry","category-noticies"],"_links":{"self":[{"href":"https:\/\/ateneuadrianenc.cat\/home\/wp-json\/wp\/v2\/posts\/4371","targetHints":{"allow":["GET"]}}],"collection":[{"href":"https:\/\/ateneuadrianenc.cat\/home\/wp-json\/wp\/v2\/posts"}],"about":[{"href":"https:\/\/ateneuadrianenc.cat\/home\/wp-json\/wp\/v2\/types\/post"}],"author":[{"embeddable":true,"href":"https:\/\/ateneuadrianenc.cat\/home\/wp-json\/wp\/v2\/users\/1"}],"replies":[{"embeddable":true,"href":"https:\/\/ateneuadrianenc.cat\/home\/wp-json\/wp\/v2\/comments?post=4371"}],"version-history":[{"count":53,"href":"https:\/\/ateneuadrianenc.cat\/home\/wp-json\/wp\/v2\/posts\/4371\/revisions"}],"predecessor-version":[{"id":4460,"href":"https:\/\/ateneuadrianenc.cat\/home\/wp-json\/wp\/v2\/posts\/4371\/revisions\/4460"}],"wp:featuredmedia":[{"embeddable":true,"href":"https:\/\/ateneuadrianenc.cat\/home\/wp-json\/wp\/v2\/media\/4406"}],"wp:attachment":[{"href":"https:\/\/ateneuadrianenc.cat\/home\/wp-json\/wp\/v2\/media?parent=4371"}],"wp:term":[{"taxonomy":"category","embeddable":true,"href":"https:\/\/ateneuadrianenc.cat\/home\/wp-json\/wp\/v2\/categories?post=4371"},{"taxonomy":"post_tag","embeddable":true,"href":"https:\/\/ateneuadrianenc.cat\/home\/wp-json\/wp\/v2\/tags?post=4371"}],"curies":[{"name":"wp","href":"https:\/\/api.w.org\/{rel}","templated":true}]}}