{"id":4677,"date":"2023-09-09T15:52:13","date_gmt":"2023-09-09T13:52:13","guid":{"rendered":"https:\/\/ateneuadrianenc.cat\/home\/?p=4677"},"modified":"2023-09-09T16:37:40","modified_gmt":"2023-09-09T14:37:40","slug":"records-de-la-deliciosa-al-prego-de-les-festes-de-sant-adria","status":"publish","type":"post","link":"https:\/\/ateneuadrianenc.cat\/home\/records-de-la-deliciosa-al-prego-de-les-festes-de-sant-adria\/","title":{"rendered":"Records de &#8220;La deliciosa&#8221; al preg\u00f3 de les festes de Sant Adri\u00e0"},"content":{"rendered":"\t\t<div data-elementor-type=\"wp-post\" data-elementor-id=\"4677\" class=\"elementor elementor-4677\" data-elementor-post-type=\"post\">\n\t\t\t\t\t\t<section class=\"elementor-section elementor-top-section elementor-element elementor-element-19bd466 elementor-section-boxed elementor-section-height-default elementor-section-height-default\" data-id=\"19bd466\" data-element_type=\"section\">\n\t\t\t\t\t\t<div class=\"elementor-container elementor-column-gap-default\">\n\t\t\t\t\t<div class=\"elementor-column elementor-col-100 elementor-top-column elementor-element elementor-element-66ead0e\" data-id=\"66ead0e\" data-element_type=\"column\">\n\t\t\t<div class=\"elementor-widget-wrap elementor-element-populated\">\n\t\t\t\t\t\t<div class=\"elementor-element elementor-element-bc0e185 elementor-widget elementor-widget-spacer\" data-id=\"bc0e185\" data-element_type=\"widget\" data-widget_type=\"spacer.default\">\n\t\t\t\t<div class=\"elementor-widget-container\">\n\t\t\t\t\t\t\t<div class=\"elementor-spacer\">\n\t\t\t<div class=\"elementor-spacer-inner\"><\/div>\n\t\t<\/div>\n\t\t\t\t\t\t<\/div>\n\t\t\t\t<\/div>\n\t\t\t\t<div class=\"elementor-element elementor-element-171ef3f elementor-widget elementor-widget-heading\" data-id=\"171ef3f\" data-element_type=\"widget\" data-widget_type=\"heading.default\">\n\t\t\t\t<div class=\"elementor-widget-container\">\n\t\t\t\t\t<h2 class=\"elementor-heading-title elementor-size-default\">Records de \"La Deliciosa\" al preg\u00f3 de les festes de Sant Adri\u00e0<\/h2>\t\t\t\t<\/div>\n\t\t\t\t<\/div>\n\t\t\t\t\t<\/div>\n\t\t<\/div>\n\t\t\t\t\t<\/div>\n\t\t<\/section>\n\t\t\t\t<section class=\"elementor-section elementor-top-section elementor-element elementor-element-02ed681 elementor-section-boxed elementor-section-height-default elementor-section-height-default\" data-id=\"02ed681\" data-element_type=\"section\">\n\t\t\t\t\t\t<div class=\"elementor-container elementor-column-gap-default\">\n\t\t\t\t\t<div class=\"elementor-column elementor-col-100 elementor-top-column elementor-element elementor-element-c767bb6\" data-id=\"c767bb6\" data-element_type=\"column\">\n\t\t\t<div class=\"elementor-widget-wrap elementor-element-populated\">\n\t\t\t\t\t\t<div class=\"elementor-element elementor-element-a402f19 elementor-widget elementor-widget-heading\" data-id=\"a402f19\" data-element_type=\"widget\" data-widget_type=\"heading.default\">\n\t\t\t\t<div class=\"elementor-widget-container\">\n\t\t\t\t\t<h2 class=\"elementor-heading-title elementor-size-default\">divendres, 08 de setembre de 2023<\/h2>\t\t\t\t<\/div>\n\t\t\t\t<\/div>\n\t\t\t\t\t<\/div>\n\t\t<\/div>\n\t\t\t\t\t<\/div>\n\t\t<\/section>\n\t\t\t\t<section class=\"elementor-section elementor-top-section elementor-element elementor-element-5c9a4e9 elementor-section-boxed elementor-section-height-default elementor-section-height-default\" data-id=\"5c9a4e9\" data-element_type=\"section\">\n\t\t\t\t\t\t<div class=\"elementor-container elementor-column-gap-default\">\n\t\t\t\t\t<div class=\"elementor-column elementor-col-100 elementor-top-column elementor-element elementor-element-568f5df\" data-id=\"568f5df\" data-element_type=\"column\">\n\t\t\t<div class=\"elementor-widget-wrap elementor-element-populated\">\n\t\t\t\t\t\t<div class=\"elementor-element elementor-element-9ab5103 elementor-widget-divider--view-line elementor-widget elementor-widget-divider\" data-id=\"9ab5103\" data-element_type=\"widget\" data-widget_type=\"divider.default\">\n\t\t\t\t<div class=\"elementor-widget-container\">\n\t\t\t\t\t\t\t<div class=\"elementor-divider\">\n\t\t\t<span class=\"elementor-divider-separator\">\n\t\t\t\t\t\t<\/span>\n\t\t<\/div>\n\t\t\t\t\t\t<\/div>\n\t\t\t\t<\/div>\n\t\t\t\t\t<\/div>\n\t\t<\/div>\n\t\t\t\t\t<\/div>\n\t\t<\/section>\n\t\t\t\t<section class=\"elementor-section elementor-top-section elementor-element elementor-element-6f83ee8 elementor-section-boxed elementor-section-height-default elementor-section-height-default\" data-id=\"6f83ee8\" data-element_type=\"section\">\n\t\t\t\t\t\t<div class=\"elementor-container elementor-column-gap-default\">\n\t\t\t\t\t<div class=\"elementor-column elementor-col-50 elementor-top-column elementor-element elementor-element-2f0e203\" data-id=\"2f0e203\" data-element_type=\"column\">\n\t\t\t<div class=\"elementor-widget-wrap elementor-element-populated\">\n\t\t\t\t\t\t<div class=\"elementor-element elementor-element-bd0b325 elementor-widget elementor-widget-text-editor\" data-id=\"bd0b325\" data-element_type=\"widget\" data-widget_type=\"text-editor.default\">\n\t\t\t\t<div class=\"elementor-widget-container\">\n\t\t\t\t\t\t\t\t\t<p>Aquest any 2023, el preg\u00f3 oficial de les festes de Sant Adri\u00e0 de Bes\u00f2s, ha anat a c\u00e0rrec d&#8217;en Joan Tort i Pag\u00e8s i Helena Merino, propietaris de l&#8217;entranyable restaurant <b>&#8220;La Deliciosa&#8221;<\/b>.<\/p><p>Un dels establiments m\u00e9s antics de la ciutat va tancar les seves portes el passat mes d&#8217;abril per jubilaci\u00f3. L&#8217; Ajuntament de Sant Adri\u00e0 de Bes\u00f2s va decidir fer un homenatge als cent anys de bon servei oferint el preg\u00f3 de les festes al seu propietari i la seva dona, l&#8217;Helena Merino.<\/p><p>Les paraules de tots dos pregoners van ser un record d&#8217;un lloc de trobada per gaudir de l&#8217;amistat i al mateix temps d&#8217;una bona cuina exercida al llarg de m\u00e9s de 50 anys.<\/p><p>Tots dos van ser testimonis de la transformaci\u00f3 de la ciutat.<\/p><p>&#8220;<b><i>Al principi l&#8217;empla\u00e7ament del restaurant era un lloc de pas, doncs la seva situaci\u00f3 era a l&#8217;antiga carretera de Matar\u00f3 &#8211; la Jonquera i es treballava molt amb transportistes del Maresme i el tr\u00e0fic rodat.\u00a0<\/i><\/b><\/p><p><b><i>Uns anys despr\u00e9s es va desviar el tr\u00e0nsit cap al carrer Guip\u00fascoa i vam quedar en un cul-de-sac<\/i><\/b>&#8221; va dir en Joan.<\/p><p>A partir de llavors van comen\u00e7ar a donar servei als treballadors del Pol\u00edgon Monsol\u00eds, que gaudia de molta activitat en aquells anys d&#8217;industrialitzaci\u00f3, i es van establir empresas com la Bisc\u00fater i la Bultaco.<\/p><p>Amb l&#8217;arribada de la ciutat esportiva de l&#8217;Espanyol, va millorar l&#8217;entorn urb\u00e0 i el nivell de feina va augmentar.<\/p><p>Personalitats de l&#8217;actualitat social i pol\u00edtica van tastar els seus \u00e0pats: Molt honorable senyor ministre Ernest Lluch, l&#8217;expresident Pujol, el molt estimat alcalde Pasqual Maragall, jugadors de l&#8217;Espanyol, etc&#8230;<\/p><p>Despr\u00e9s d&#8217;un comiat molt emotiu amb clients i treballadors nom\u00e9s faltava fer-ho amb la ciutat de Sant Adri\u00e0 i quina millor manera d&#8217;acomiadar-se que fent un preg\u00f3 a les nostres festes.<\/p><h6><span style=\"color: inherit; font-family: inherit; font-size: 1.5rem; font-weight: var( --e-global-typography-text-font-weight );\">Sempre us tindrem\u00a0<\/span><span style=\"color: inherit; font-family: inherit; font-size: 1.5rem; font-weight: var( --e-global-typography-text-font-weight );\">en el nostre record.<\/span><span style=\"color: inherit; font-family: inherit; font-size: 1.5rem; font-weight: var( --e-global-typography-text-font-weight );\">\u00a0<\/span>\u00a0<\/h6><p>\u00a0<\/p>\t\t\t\t\t\t\t\t<\/div>\n\t\t\t\t<\/div>\n\t\t\t\t\t<\/div>\n\t\t<\/div>\n\t\t\t\t<div class=\"elementor-column elementor-col-50 elementor-top-column elementor-element elementor-element-5637c65\" data-id=\"5637c65\" data-element_type=\"column\">\n\t\t\t<div class=\"elementor-widget-wrap elementor-element-populated\">\n\t\t\t\t\t\t<div class=\"elementor-element elementor-element-e2324eb elementor-widget elementor-widget-image\" data-id=\"e2324eb\" data-element_type=\"widget\" data-widget_type=\"image.default\">\n\t\t\t\t<div class=\"elementor-widget-container\">\n\t\t\t\t\t\t\t\t\t\t\t\t\t\t\t<img fetchpriority=\"high\" decoding=\"async\" width=\"800\" height=\"960\" src=\"https:\/\/ateneuadrianenc.cat\/home\/wp-content\/uploads\/2023\/09\/Deliciosa2-853x1024.jpg\" class=\"attachment-large size-large wp-image-4691\" alt=\"\" srcset=\"https:\/\/ateneuadrianenc.cat\/home\/wp-content\/uploads\/2023\/09\/Deliciosa2-853x1024.jpg 853w, https:\/\/ateneuadrianenc.cat\/home\/wp-content\/uploads\/2023\/09\/Deliciosa2-250x300.jpg 250w, https:\/\/ateneuadrianenc.cat\/home\/wp-content\/uploads\/2023\/09\/Deliciosa2-768x922.jpg 768w, https:\/\/ateneuadrianenc.cat\/home\/wp-content\/uploads\/2023\/09\/Deliciosa2-1280x1536.jpg 1280w, https:\/\/ateneuadrianenc.cat\/home\/wp-content\/uploads\/2023\/09\/Deliciosa2-1707x2048.jpg 1707w\" sizes=\"(max-width: 800px) 100vw, 800px\" \/>\t\t\t\t\t\t\t\t\t\t\t\t\t\t\t<\/div>\n\t\t\t\t<\/div>\n\t\t\t\t<div class=\"elementor-element elementor-element-586bd39 elementor-widget elementor-widget-image\" data-id=\"586bd39\" data-element_type=\"widget\" data-widget_type=\"image.default\">\n\t\t\t\t<div class=\"elementor-widget-container\">\n\t\t\t\t\t\t\t\t\t\t\t\t\t\t\t<img decoding=\"async\" width=\"800\" height=\"546\" src=\"https:\/\/ateneuadrianenc.cat\/home\/wp-content\/uploads\/2023\/09\/ENTRADA-NIT.webp\" class=\"attachment-large size-large wp-image-4680\" alt=\"\" srcset=\"https:\/\/ateneuadrianenc.cat\/home\/wp-content\/uploads\/2023\/09\/ENTRADA-NIT.webp 960w, https:\/\/ateneuadrianenc.cat\/home\/wp-content\/uploads\/2023\/09\/ENTRADA-NIT-300x205.webp 300w, https:\/\/ateneuadrianenc.cat\/home\/wp-content\/uploads\/2023\/09\/ENTRADA-NIT-768x524.webp 768w\" sizes=\"(max-width: 800px) 100vw, 800px\" \/>\t\t\t\t\t\t\t\t\t\t\t\t\t\t\t<\/div>\n\t\t\t\t<\/div>\n\t\t\t\t\t<\/div>\n\t\t<\/div>\n\t\t\t\t\t<\/div>\n\t\t<\/section>\n\t\t\t\t<section class=\"elementor-section elementor-top-section elementor-element elementor-element-4bbfc8b elementor-section-boxed elementor-section-height-default elementor-section-height-default\" data-id=\"4bbfc8b\" data-element_type=\"section\">\n\t\t\t\t\t\t<div class=\"elementor-container elementor-column-gap-default\">\n\t\t\t\t\t<div class=\"elementor-column elementor-col-100 elementor-top-column elementor-element elementor-element-0a266b5\" data-id=\"0a266b5\" data-element_type=\"column\">\n\t\t\t<div class=\"elementor-widget-wrap elementor-element-populated\">\n\t\t\t\t\t\t<div class=\"elementor-element elementor-element-1714ecd elementor-widget-divider--view-line elementor-widget elementor-widget-divider\" data-id=\"1714ecd\" data-element_type=\"widget\" data-widget_type=\"divider.default\">\n\t\t\t\t<div class=\"elementor-widget-container\">\n\t\t\t\t\t\t\t<div class=\"elementor-divider\">\n\t\t\t<span class=\"elementor-divider-separator\">\n\t\t\t\t\t\t<\/span>\n\t\t<\/div>\n\t\t\t\t\t\t<\/div>\n\t\t\t\t<\/div>\n\t\t\t\t\t<\/div>\n\t\t<\/div>\n\t\t\t\t\t<\/div>\n\t\t<\/section>\n\t\t\t\t<\/div>\n\t\t","protected":false},"excerpt":{"rendered":"<p>Records de &#8220;La Deliciosa&#8221; al preg\u00f3 de les festes de Sant Adri\u00e0 divendres, 08 de setembre de 2023 Aquest any 2023, el preg\u00f3 oficial de les festes de Sant Adri\u00e0 de Bes\u00f2s, ha anat a c\u00e0rrec d&#8217;en Joan Tort i Pag\u00e8s i Helena Merino, propietaris de l&#8217;entranyable restaurant &#8220;La Deliciosa&#8221;. Un dels establiments m\u00e9s antics [&hellip;]<\/p>\n","protected":false},"author":1,"featured_media":4691,"comment_status":"closed","ping_status":"open","sticky":false,"template":"elementor_header_footer","format":"standard","meta":{"footnotes":""},"categories":[6],"tags":[],"class_list":["post-4677","post","type-post","status-publish","format-standard","has-post-thumbnail","hentry","category-noticies"],"_links":{"self":[{"href":"https:\/\/ateneuadrianenc.cat\/home\/wp-json\/wp\/v2\/posts\/4677","targetHints":{"allow":["GET"]}}],"collection":[{"href":"https:\/\/ateneuadrianenc.cat\/home\/wp-json\/wp\/v2\/posts"}],"about":[{"href":"https:\/\/ateneuadrianenc.cat\/home\/wp-json\/wp\/v2\/types\/post"}],"author":[{"embeddable":true,"href":"https:\/\/ateneuadrianenc.cat\/home\/wp-json\/wp\/v2\/users\/1"}],"replies":[{"embeddable":true,"href":"https:\/\/ateneuadrianenc.cat\/home\/wp-json\/wp\/v2\/comments?post=4677"}],"version-history":[{"count":82,"href":"https:\/\/ateneuadrianenc.cat\/home\/wp-json\/wp\/v2\/posts\/4677\/revisions"}],"predecessor-version":[{"id":4763,"href":"https:\/\/ateneuadrianenc.cat\/home\/wp-json\/wp\/v2\/posts\/4677\/revisions\/4763"}],"wp:featuredmedia":[{"embeddable":true,"href":"https:\/\/ateneuadrianenc.cat\/home\/wp-json\/wp\/v2\/media\/4691"}],"wp:attachment":[{"href":"https:\/\/ateneuadrianenc.cat\/home\/wp-json\/wp\/v2\/media?parent=4677"}],"wp:term":[{"taxonomy":"category","embeddable":true,"href":"https:\/\/ateneuadrianenc.cat\/home\/wp-json\/wp\/v2\/categories?post=4677"},{"taxonomy":"post_tag","embeddable":true,"href":"https:\/\/ateneuadrianenc.cat\/home\/wp-json\/wp\/v2\/tags?post=4677"}],"curies":[{"name":"wp","href":"https:\/\/api.w.org\/{rel}","templated":true}]}}