{"id":6397,"date":"2023-11-14T22:19:26","date_gmt":"2023-11-14T20:19:26","guid":{"rendered":"https:\/\/ateneuadrianenc.cat\/home\/?p=6397"},"modified":"2023-11-14T23:29:46","modified_gmt":"2023-11-14T21:29:46","slug":"31a-mostra-internacional-de-films-de-dones-de-barcelona-17-de-novembre-a-les-2000-hrs","status":"publish","type":"post","link":"https:\/\/ateneuadrianenc.cat\/home\/31a-mostra-internacional-de-films-de-dones-de-barcelona-17-de-novembre-a-les-2000-hrs\/","title":{"rendered":"31a Mostra Internacional de Films de dones de Barcelona &#8211; 17 de novembre a les 20:00 hrs"},"content":{"rendered":"\t\t<div data-elementor-type=\"wp-post\" data-elementor-id=\"6397\" class=\"elementor elementor-6397\" data-elementor-post-type=\"post\">\n\t\t\t\t\t\t<section class=\"elementor-section elementor-top-section elementor-element elementor-element-f3da8f0 elementor-section-boxed elementor-section-height-default elementor-section-height-default\" data-id=\"f3da8f0\" data-element_type=\"section\">\n\t\t\t\t\t\t<div class=\"elementor-container elementor-column-gap-default\">\n\t\t\t\t\t<div class=\"elementor-column elementor-col-100 elementor-top-column elementor-element elementor-element-0505327\" data-id=\"0505327\" data-element_type=\"column\">\n\t\t\t<div class=\"elementor-widget-wrap elementor-element-populated\">\n\t\t\t\t\t\t<div class=\"elementor-element elementor-element-31b9df2 elementor-widget elementor-widget-spacer\" data-id=\"31b9df2\" data-element_type=\"widget\" data-widget_type=\"spacer.default\">\n\t\t\t\t<div class=\"elementor-widget-container\">\n\t\t\t\t\t\t\t<div class=\"elementor-spacer\">\n\t\t\t<div class=\"elementor-spacer-inner\"><\/div>\n\t\t<\/div>\n\t\t\t\t\t\t<\/div>\n\t\t\t\t<\/div>\n\t\t\t\t<div class=\"elementor-element elementor-element-38b76cc elementor-widget elementor-widget-heading\" data-id=\"38b76cc\" data-element_type=\"widget\" data-widget_type=\"heading.default\">\n\t\t\t\t<div class=\"elementor-widget-container\">\n\t\t\t\t\t<h2 class=\"elementor-heading-title elementor-size-default\">31a mostra internacional de films de dones de Barcelona<\/h2>\t\t\t\t<\/div>\n\t\t\t\t<\/div>\n\t\t\t\t<div class=\"elementor-element elementor-element-aee9649 elementor-widget-divider--view-line elementor-widget elementor-widget-divider\" data-id=\"aee9649\" data-element_type=\"widget\" data-widget_type=\"divider.default\">\n\t\t\t\t<div class=\"elementor-widget-container\">\n\t\t\t\t\t\t\t<div class=\"elementor-divider\">\n\t\t\t<span class=\"elementor-divider-separator\">\n\t\t\t\t\t\t<\/span>\n\t\t<\/div>\n\t\t\t\t\t\t<\/div>\n\t\t\t\t<\/div>\n\t\t\t\t\t<\/div>\n\t\t<\/div>\n\t\t\t\t\t<\/div>\n\t\t<\/section>\n\t\t\t\t<section class=\"elementor-section elementor-top-section elementor-element elementor-element-d98e74d elementor-section-full_width elementor-section-height-default elementor-section-height-default\" data-id=\"d98e74d\" data-element_type=\"section\">\n\t\t\t\t\t\t<div class=\"elementor-container elementor-column-gap-default\">\n\t\t\t\t\t<div class=\"elementor-column elementor-col-100 elementor-top-column elementor-element elementor-element-d883226\" data-id=\"d883226\" data-element_type=\"column\">\n\t\t\t<div class=\"elementor-widget-wrap elementor-element-populated\">\n\t\t\t\t\t\t<div class=\"elementor-element elementor-element-a51ffe4 elementor-widget elementor-widget-video\" data-id=\"a51ffe4\" data-element_type=\"widget\" data-settings=\"{&quot;youtube_url&quot;:&quot;https:\\\/\\\/youtu.be\\\/olAU-mpkTTU&quot;,&quot;video_type&quot;:&quot;youtube&quot;,&quot;controls&quot;:&quot;yes&quot;}\" data-widget_type=\"video.default\">\n\t\t\t\t<div class=\"elementor-widget-container\">\n\t\t\t\t\t\t\t<div class=\"elementor-wrapper elementor-open-inline\">\n\t\t\t<div class=\"elementor-video\"><\/div>\t\t<\/div>\n\t\t\t\t\t\t<\/div>\n\t\t\t\t<\/div>\n\t\t\t\t\t<\/div>\n\t\t<\/div>\n\t\t\t\t\t<\/div>\n\t\t<\/section>\n\t\t\t\t<section class=\"elementor-section elementor-top-section elementor-element elementor-element-9a6a609 elementor-section-boxed elementor-section-height-default elementor-section-height-default\" data-id=\"9a6a609\" data-element_type=\"section\">\n\t\t\t\t\t\t<div class=\"elementor-container elementor-column-gap-default\">\n\t\t\t\t\t<div class=\"elementor-column elementor-col-50 elementor-top-column elementor-element elementor-element-1a72f12\" data-id=\"1a72f12\" data-element_type=\"column\">\n\t\t\t<div class=\"elementor-widget-wrap elementor-element-populated\">\n\t\t\t\t\t\t<div class=\"elementor-element elementor-element-a724f5c elementor-widget elementor-widget-text-editor\" data-id=\"a724f5c\" data-element_type=\"widget\" data-widget_type=\"text-editor.default\">\n\t\t\t\t<div class=\"elementor-widget-container\">\n\t\t\t\t\t\t\t\t\t<p>La <b>mostra internacional de films de dones de Barcelona<\/b> \u00e9s un festival que va comen\u00e7ar la seva traject\u00f2ria el juny de 1993. T\u00e9 com a objectiu la promoci\u00f3 del cinema dirigit per dones, visibilitzant la cultura audiovisual femenina i projectant filmografies de directores d&#8217;arreu del m\u00f3n, evidenciant d&#8217;aquesta manera la import\u00e0ncia de la contribuci\u00f3 de les dones en el desenvolupament de la creaci\u00f3 visual.<\/p>\n<p>Enguany, a la sala Teatre de <b>l&#8217;Ateneu de Sant Adri\u00e0 de Bes\u00f2s<\/b>, es projectaran&nbsp; curtmetratges, dintre del programa de tardor <b>Conegudes <\/b>(<b>tamb\u00e9) a casa,<\/b> que fa arribar les \u00faltimes cineastes catalanes arreu del territori catal\u00e0 amb projeccions que compten amb la pres\u00e8ncia de les directores.<\/p>\n<p>Projeccions:<\/p>\n<ul>\n<li><b>Harta <\/b>de J\u00falia de Paz Solvas<\/li>\n<li><b>El Bus<\/b> de Sandra Reina<\/li>\n<li><b>Somorrostre en tres<\/b> actes de Marga Almirall<\/li>\n<\/ul>\t\t\t\t\t\t\t\t<\/div>\n\t\t\t\t<\/div>\n\t\t\t\t\t<\/div>\n\t\t<\/div>\n\t\t\t\t<div class=\"elementor-column elementor-col-50 elementor-top-column elementor-element elementor-element-2267ada\" data-id=\"2267ada\" data-element_type=\"column\">\n\t\t\t<div class=\"elementor-widget-wrap elementor-element-populated\">\n\t\t\t\t\t\t<div class=\"elementor-element elementor-element-6e01e87 elementor-widget elementor-widget-image\" data-id=\"6e01e87\" data-element_type=\"widget\" data-widget_type=\"image.default\">\n\t\t\t\t<div class=\"elementor-widget-container\">\n\t\t\t\t\t\t\t\t\t\t\t\t\t\t\t<img fetchpriority=\"high\" decoding=\"async\" width=\"400\" height=\"400\" src=\"https:\/\/ateneuadrianenc.cat\/home\/wp-content\/uploads\/2023\/11\/31-mostra-films-dones-400.jpg\" class=\"attachment-2048x2048 size-2048x2048 wp-image-6423\" alt=\"\" srcset=\"https:\/\/ateneuadrianenc.cat\/home\/wp-content\/uploads\/2023\/11\/31-mostra-films-dones-400.jpg 400w, https:\/\/ateneuadrianenc.cat\/home\/wp-content\/uploads\/2023\/11\/31-mostra-films-dones-400-300x300.jpg 300w, https:\/\/ateneuadrianenc.cat\/home\/wp-content\/uploads\/2023\/11\/31-mostra-films-dones-400-150x150.jpg 150w\" sizes=\"(max-width: 400px) 100vw, 400px\" \/>\t\t\t\t\t\t\t\t\t\t\t\t\t\t\t<\/div>\n\t\t\t\t<\/div>\n\t\t\t\t\t<\/div>\n\t\t<\/div>\n\t\t\t\t\t<\/div>\n\t\t<\/section>\n\t\t\t\t<\/div>\n\t\t","protected":false},"excerpt":{"rendered":"<p>31a mostra internacional de films de dones de Barcelona https:\/\/youtu.be\/olAU-mpkTTU La mostra internacional de films de dones de Barcelona \u00e9s un festival que va comen\u00e7ar la seva traject\u00f2ria el juny de 1993. T\u00e9 com a objectiu la promoci\u00f3 del cinema dirigit per dones, visibilitzant la cultura audiovisual femenina i projectant filmografies de directores d&#8217;arreu del [&hellip;]<\/p>\n","protected":false},"author":1,"featured_media":6419,"comment_status":"closed","ping_status":"open","sticky":false,"template":"elementor_header_footer","format":"standard","meta":{"footnotes":""},"categories":[6],"tags":[],"class_list":["post-6397","post","type-post","status-publish","format-standard","has-post-thumbnail","hentry","category-noticies"],"_links":{"self":[{"href":"https:\/\/ateneuadrianenc.cat\/home\/wp-json\/wp\/v2\/posts\/6397","targetHints":{"allow":["GET"]}}],"collection":[{"href":"https:\/\/ateneuadrianenc.cat\/home\/wp-json\/wp\/v2\/posts"}],"about":[{"href":"https:\/\/ateneuadrianenc.cat\/home\/wp-json\/wp\/v2\/types\/post"}],"author":[{"embeddable":true,"href":"https:\/\/ateneuadrianenc.cat\/home\/wp-json\/wp\/v2\/users\/1"}],"replies":[{"embeddable":true,"href":"https:\/\/ateneuadrianenc.cat\/home\/wp-json\/wp\/v2\/comments?post=6397"}],"version-history":[{"count":35,"href":"https:\/\/ateneuadrianenc.cat\/home\/wp-json\/wp\/v2\/posts\/6397\/revisions"}],"predecessor-version":[{"id":6438,"href":"https:\/\/ateneuadrianenc.cat\/home\/wp-json\/wp\/v2\/posts\/6397\/revisions\/6438"}],"wp:featuredmedia":[{"embeddable":true,"href":"https:\/\/ateneuadrianenc.cat\/home\/wp-json\/wp\/v2\/media\/6419"}],"wp:attachment":[{"href":"https:\/\/ateneuadrianenc.cat\/home\/wp-json\/wp\/v2\/media?parent=6397"}],"wp:term":[{"taxonomy":"category","embeddable":true,"href":"https:\/\/ateneuadrianenc.cat\/home\/wp-json\/wp\/v2\/categories?post=6397"},{"taxonomy":"post_tag","embeddable":true,"href":"https:\/\/ateneuadrianenc.cat\/home\/wp-json\/wp\/v2\/tags?post=6397"}],"curies":[{"name":"wp","href":"https:\/\/api.w.org\/{rel}","templated":true}]}}