{"id":6445,"date":"2023-11-21T00:26:37","date_gmt":"2023-11-20T22:26:37","guid":{"rendered":"https:\/\/ateneuadrianenc.cat\/home\/?p=6445"},"modified":"2023-11-21T00:43:55","modified_gmt":"2023-11-20T22:43:55","slug":"migracions-i-cultura-incidencia-dels-fets-migratoris-dimarts-21-de-novembre-a-la-biblioteca-de-sant-adria","status":"publish","type":"post","link":"https:\/\/ateneuadrianenc.cat\/home\/migracions-i-cultura-incidencia-dels-fets-migratoris-dimarts-21-de-novembre-a-la-biblioteca-de-sant-adria\/","title":{"rendered":"Migracions i Cultura, incidencia dels fets migratoris. Dimarts, 21 de novembre a la Biblioteca de Sant Adri\u00e0."},"content":{"rendered":"\t\t<div data-elementor-type=\"wp-post\" data-elementor-id=\"6445\" class=\"elementor elementor-6445\" data-elementor-post-type=\"post\">\n\t\t\t\t\t\t<section class=\"elementor-section elementor-top-section elementor-element elementor-element-16f81b8 elementor-section-full_width elementor-section-height-default elementor-section-height-default\" data-id=\"16f81b8\" data-element_type=\"section\">\n\t\t\t\t\t\t<div class=\"elementor-container elementor-column-gap-default\">\n\t\t\t\t\t<div class=\"elementor-column elementor-col-100 elementor-top-column elementor-element elementor-element-a6eeb63\" data-id=\"a6eeb63\" data-element_type=\"column\">\n\t\t\t<div class=\"elementor-widget-wrap elementor-element-populated\">\n\t\t\t\t\t\t<div class=\"elementor-element elementor-element-bbd76bf elementor-widget elementor-widget-heading\" data-id=\"bbd76bf\" data-element_type=\"widget\" data-widget_type=\"heading.default\">\n\t\t\t\t<div class=\"elementor-widget-container\">\n\t\t\t\t\t<h2 class=\"elementor-heading-title elementor-size-default\">MIGRACIONS I CULTURA<br>La incid\u00e8ncia dels fets migratoris en la cultura<\/h2>\t\t\t\t<\/div>\n\t\t\t\t<\/div>\n\t\t\t\t<div class=\"elementor-element elementor-element-3400bb5 elementor-widget-divider--view-line elementor-widget elementor-widget-divider\" data-id=\"3400bb5\" data-element_type=\"widget\" data-widget_type=\"divider.default\">\n\t\t\t\t<div class=\"elementor-widget-container\">\n\t\t\t\t\t\t\t<div class=\"elementor-divider\">\n\t\t\t<span class=\"elementor-divider-separator\">\n\t\t\t\t\t\t<\/span>\n\t\t<\/div>\n\t\t\t\t\t\t<\/div>\n\t\t\t\t<\/div>\n\t\t\t\t\t<\/div>\n\t\t<\/div>\n\t\t\t\t\t<\/div>\n\t\t<\/section>\n\t\t\t\t<section class=\"elementor-section elementor-top-section elementor-element elementor-element-5792d02 elementor-section-boxed elementor-section-height-default elementor-section-height-default\" data-id=\"5792d02\" data-element_type=\"section\">\n\t\t\t\t\t\t<div class=\"elementor-container elementor-column-gap-default\">\n\t\t\t\t\t<div class=\"elementor-column elementor-col-50 elementor-top-column elementor-element elementor-element-ce2afe3\" data-id=\"ce2afe3\" data-element_type=\"column\">\n\t\t\t<div class=\"elementor-widget-wrap elementor-element-populated\">\n\t\t\t\t\t\t<div class=\"elementor-element elementor-element-4aabd4b elementor-widget elementor-widget-text-editor\" data-id=\"4aabd4b\" data-element_type=\"widget\" data-widget_type=\"text-editor.default\">\n\t\t\t\t<div class=\"elementor-widget-container\">\n\t\t\t\t\t\t\t\t\t<p>Aquest dimarts 21 de novembre t\u00e9 lloc, a la <b>Biblioteca de<\/b> <b>Sant Adri\u00e0<\/b>, un col\u00b7loqui amb una tem\u00e0tica molt interesant:<\/p>\n<p><i><b>MIGRACIONS <\/b><\/i>i la incid\u00e8ncia dels fets migratoris en la cultura local, quelcom que ha sigut un fet definitori del que actualment \u00e9s la nostra ciutat de Sant Adri\u00e0 i el seu entorn divers.<\/p>\n<p>L&#8217;acte ser\u00e0 presentat i moderat per <b>INMA BOJ<\/b>, directora del <b>MHIC <\/b>i els ponents que ens parlaran d&#8217;aquest tema tan apassionant, en <b>Llu\u00eds Cabrera<\/b> (m\u00fasic, escriptor i activista social) i <b>Dolors Bramon<\/b> (Doctora en filologia sem\u00edtica i hist\u00f2ria medieval i professora em\u00e8rita d&#8217;estudis \u00e0rabs i isl\u00e0mics de la UNiversitat de Barcelona).<\/p>\n<p>Tamb\u00e9 podrem dialogar amb <b>Andreu Domingo<\/b>, dem\u00f2graf,Doctor en Sociologia i subidrector del Centre d&#8217;Estudis Demogr\u00e0fics CED-UAB.<\/p>\n<p>Podeu fer la inscripci\u00f3 de la vostra assist\u00e8ncia fent click a continuaci\u00f3:<\/p>\t\t\t\t\t\t\t\t<\/div>\n\t\t\t\t<\/div>\n\t\t\t\t<section class=\"elementor-section elementor-inner-section elementor-element elementor-element-e353ad7 elementor-section-boxed elementor-section-height-default elementor-section-height-default\" data-id=\"e353ad7\" data-element_type=\"section\">\n\t\t\t\t\t\t<div class=\"elementor-container elementor-column-gap-default\">\n\t\t\t\t\t<div class=\"elementor-column elementor-col-100 elementor-inner-column elementor-element elementor-element-b2ef828\" data-id=\"b2ef828\" data-element_type=\"column\">\n\t\t\t<div class=\"elementor-widget-wrap elementor-element-populated\">\n\t\t\t\t\t\t<div class=\"elementor-element elementor-element-2e32369 elementor-align-center elementor-widget elementor-widget-button\" data-id=\"2e32369\" data-element_type=\"widget\" data-widget_type=\"button.default\">\n\t\t\t\t<div class=\"elementor-widget-container\">\n\t\t\t\t\t\t\t\t\t<div class=\"elementor-button-wrapper\">\n\t\t\t\t\t<a class=\"elementor-button elementor-button-link elementor-size-sm\" href=\"https:\/\/docs.google.com\/forms\/d\/e\/1FAIpQLSfbXNsvG9Bsv4SLRPjNbECOYkgQFuuC4jI1Ie90WIqVtBFqcg\/viewform\">\n\t\t\t\t\t\t<span class=\"elementor-button-content-wrapper\">\n\t\t\t\t\t\t\t\t\t<span class=\"elementor-button-text\">Feu clic aqu\u00ed<\/span>\n\t\t\t\t\t<\/span>\n\t\t\t\t\t<\/a>\n\t\t\t\t<\/div>\n\t\t\t\t\t\t\t\t<\/div>\n\t\t\t\t<\/div>\n\t\t\t\t\t<\/div>\n\t\t<\/div>\n\t\t\t\t\t<\/div>\n\t\t<\/section>\n\t\t\t\t\t<\/div>\n\t\t<\/div>\n\t\t\t\t<div class=\"elementor-column elementor-col-50 elementor-top-column elementor-element elementor-element-36f367a\" data-id=\"36f367a\" data-element_type=\"column\">\n\t\t\t<div class=\"elementor-widget-wrap elementor-element-populated\">\n\t\t\t\t\t\t<div class=\"elementor-element elementor-element-e018493 elementor-widget elementor-widget-image\" data-id=\"e018493\" data-element_type=\"widget\" data-widget_type=\"image.default\">\n\t\t\t\t<div class=\"elementor-widget-container\">\n\t\t\t\t\t\t\t\t\t\t\t\t\t\t\t<img fetchpriority=\"high\" decoding=\"async\" width=\"729\" height=\"1024\" src=\"https:\/\/ateneuadrianenc.cat\/home\/wp-content\/uploads\/2023\/11\/MigracioiCultura-729x1024.jpg\" class=\"attachment-large size-large wp-image-6448\" alt=\"\" srcset=\"https:\/\/ateneuadrianenc.cat\/home\/wp-content\/uploads\/2023\/11\/MigracioiCultura-729x1024.jpg 729w, https:\/\/ateneuadrianenc.cat\/home\/wp-content\/uploads\/2023\/11\/MigracioiCultura-214x300.jpg 214w, https:\/\/ateneuadrianenc.cat\/home\/wp-content\/uploads\/2023\/11\/MigracioiCultura-768x1079.jpg 768w, https:\/\/ateneuadrianenc.cat\/home\/wp-content\/uploads\/2023\/11\/MigracioiCultura-1093x1536.jpg 1093w, https:\/\/ateneuadrianenc.cat\/home\/wp-content\/uploads\/2023\/11\/MigracioiCultura-1458x2048.jpg 1458w, https:\/\/ateneuadrianenc.cat\/home\/wp-content\/uploads\/2023\/11\/MigracioiCultura-scaled.jpg 1822w\" sizes=\"(max-width: 729px) 100vw, 729px\" \/>\t\t\t\t\t\t\t\t\t\t\t\t\t\t\t<\/div>\n\t\t\t\t<\/div>\n\t\t\t\t\t<\/div>\n\t\t<\/div>\n\t\t\t\t\t<\/div>\n\t\t<\/section>\n\t\t\t\t<section class=\"elementor-section elementor-top-section elementor-element elementor-element-a918187 elementor-section-full_width elementor-section-height-default elementor-section-height-default\" data-id=\"a918187\" data-element_type=\"section\">\n\t\t\t\t\t\t<div class=\"elementor-container elementor-column-gap-default\">\n\t\t\t\t\t<div class=\"elementor-column elementor-col-100 elementor-top-column elementor-element elementor-element-e4100fd\" data-id=\"e4100fd\" data-element_type=\"column\">\n\t\t\t<div class=\"elementor-widget-wrap elementor-element-populated\">\n\t\t\t\t\t\t<div class=\"elementor-element elementor-element-7f8a52a elementor-widget-divider--view-line elementor-widget elementor-widget-divider\" data-id=\"7f8a52a\" data-element_type=\"widget\" data-widget_type=\"divider.default\">\n\t\t\t\t<div class=\"elementor-widget-container\">\n\t\t\t\t\t\t\t<div class=\"elementor-divider\">\n\t\t\t<span class=\"elementor-divider-separator\">\n\t\t\t\t\t\t<\/span>\n\t\t<\/div>\n\t\t\t\t\t\t<\/div>\n\t\t\t\t<\/div>\n\t\t\t\t\t<\/div>\n\t\t<\/div>\n\t\t\t\t\t<\/div>\n\t\t<\/section>\n\t\t\t\t<\/div>\n\t\t","protected":false},"excerpt":{"rendered":"<p>MIGRACIONS I CULTURALa incid\u00e8ncia dels fets migratoris en la cultura Aquest dimarts 21 de novembre t\u00e9 lloc, a la Biblioteca de Sant Adri\u00e0, un col\u00b7loqui amb una tem\u00e0tica molt interesant: MIGRACIONS i la incid\u00e8ncia dels fets migratoris en la cultura local, quelcom que ha sigut un fet definitori del que actualment \u00e9s la nostra ciutat [&hellip;]<\/p>\n","protected":false},"author":1,"featured_media":6448,"comment_status":"closed","ping_status":"open","sticky":false,"template":"elementor_header_footer","format":"standard","meta":{"footnotes":""},"categories":[6],"tags":[],"class_list":["post-6445","post","type-post","status-publish","format-standard","has-post-thumbnail","hentry","category-noticies"],"_links":{"self":[{"href":"https:\/\/ateneuadrianenc.cat\/home\/wp-json\/wp\/v2\/posts\/6445","targetHints":{"allow":["GET"]}}],"collection":[{"href":"https:\/\/ateneuadrianenc.cat\/home\/wp-json\/wp\/v2\/posts"}],"about":[{"href":"https:\/\/ateneuadrianenc.cat\/home\/wp-json\/wp\/v2\/types\/post"}],"author":[{"embeddable":true,"href":"https:\/\/ateneuadrianenc.cat\/home\/wp-json\/wp\/v2\/users\/1"}],"replies":[{"embeddable":true,"href":"https:\/\/ateneuadrianenc.cat\/home\/wp-json\/wp\/v2\/comments?post=6445"}],"version-history":[{"count":17,"href":"https:\/\/ateneuadrianenc.cat\/home\/wp-json\/wp\/v2\/posts\/6445\/revisions"}],"predecessor-version":[{"id":6464,"href":"https:\/\/ateneuadrianenc.cat\/home\/wp-json\/wp\/v2\/posts\/6445\/revisions\/6464"}],"wp:featuredmedia":[{"embeddable":true,"href":"https:\/\/ateneuadrianenc.cat\/home\/wp-json\/wp\/v2\/media\/6448"}],"wp:attachment":[{"href":"https:\/\/ateneuadrianenc.cat\/home\/wp-json\/wp\/v2\/media?parent=6445"}],"wp:term":[{"taxonomy":"category","embeddable":true,"href":"https:\/\/ateneuadrianenc.cat\/home\/wp-json\/wp\/v2\/categories?post=6445"},{"taxonomy":"post_tag","embeddable":true,"href":"https:\/\/ateneuadrianenc.cat\/home\/wp-json\/wp\/v2\/tags?post=6445"}],"curies":[{"name":"wp","href":"https:\/\/api.w.org\/{rel}","templated":true}]}}