{"id":7055,"date":"2023-12-22T22:18:21","date_gmt":"2023-12-22T20:18:21","guid":{"rendered":"https:\/\/ateneuadrianenc.cat\/home\/?p=7055"},"modified":"2023-12-22T22:30:37","modified_gmt":"2023-12-22T20:30:37","slug":"exposicio-dels-guardons-del-22e-premi-joan-guillemi","status":"publish","type":"post","link":"https:\/\/ateneuadrianenc.cat\/home\/exposicio-dels-guardons-del-22e-premi-joan-guillemi\/","title":{"rendered":"Exposici\u00f3 dels guardons del 22\u00e8 Premi Joan Guillem\u00ed"},"content":{"rendered":"\t\t<div data-elementor-type=\"wp-post\" data-elementor-id=\"7055\" class=\"elementor elementor-7055\" data-elementor-post-type=\"post\">\n\t\t\t\t\t\t<section class=\"elementor-section elementor-top-section elementor-element elementor-element-fc28a60 elementor-section-boxed elementor-section-height-default elementor-section-height-default\" data-id=\"fc28a60\" data-element_type=\"section\">\n\t\t\t\t\t\t<div class=\"elementor-container elementor-column-gap-default\">\n\t\t\t\t\t<div class=\"elementor-column elementor-col-100 elementor-top-column elementor-element elementor-element-7dfbea4\" data-id=\"7dfbea4\" data-element_type=\"column\">\n\t\t\t<div class=\"elementor-widget-wrap elementor-element-populated\">\n\t\t\t\t\t\t<div class=\"elementor-element elementor-element-558735b elementor-widget elementor-widget-spacer\" data-id=\"558735b\" data-element_type=\"widget\" data-widget_type=\"spacer.default\">\n\t\t\t\t<div class=\"elementor-widget-container\">\n\t\t\t\t\t\t\t<div class=\"elementor-spacer\">\n\t\t\t<div class=\"elementor-spacer-inner\"><\/div>\n\t\t<\/div>\n\t\t\t\t\t\t<\/div>\n\t\t\t\t<\/div>\n\t\t\t\t<div class=\"elementor-element elementor-element-184a403 elementor-widget elementor-widget-heading\" data-id=\"184a403\" data-element_type=\"widget\" data-widget_type=\"heading.default\">\n\t\t\t\t<div class=\"elementor-widget-container\">\n\t\t\t\t\t<h2 class=\"elementor-heading-title elementor-size-default\">Exposici\u00f3 i guardons fotos guanyadores 22\u00e8 Premi Joan Guillem\u00ed<\/h2>\t\t\t\t<\/div>\n\t\t\t\t<\/div>\n\t\t\t\t<div class=\"elementor-element elementor-element-7f87028 elementor-widget-divider--view-line elementor-widget elementor-widget-divider\" data-id=\"7f87028\" data-element_type=\"widget\" data-widget_type=\"divider.default\">\n\t\t\t\t<div class=\"elementor-widget-container\">\n\t\t\t\t\t\t\t<div class=\"elementor-divider\">\n\t\t\t<span class=\"elementor-divider-separator\">\n\t\t\t\t\t\t<\/span>\n\t\t<\/div>\n\t\t\t\t\t\t<\/div>\n\t\t\t\t<\/div>\n\t\t\t\t\t<\/div>\n\t\t<\/div>\n\t\t\t\t\t<\/div>\n\t\t<\/section>\n\t\t\t\t<section class=\"elementor-section elementor-top-section elementor-element elementor-element-59ba6f1 elementor-section-boxed elementor-section-height-default elementor-section-height-default\" data-id=\"59ba6f1\" data-element_type=\"section\">\n\t\t\t\t\t\t<div class=\"elementor-container elementor-column-gap-default\">\n\t\t\t\t\t<div class=\"elementor-column elementor-col-100 elementor-top-column elementor-element elementor-element-3b25b26\" data-id=\"3b25b26\" data-element_type=\"column\">\n\t\t\t<div class=\"elementor-widget-wrap elementor-element-populated\">\n\t\t\t\t\t\t<div class=\"elementor-element elementor-element-206e8bd elementor-widget elementor-widget-text-editor\" data-id=\"206e8bd\" data-element_type=\"widget\" data-widget_type=\"text-editor.default\">\n\t\t\t\t<div class=\"elementor-widget-container\">\n\t\t\t\t\t\t\t\t\t<p>Fins el proper 28 de desembre es podr\u00e0 visitar la mostra de fotografies a la sala d&#8217;exposicions <b>Joan Vila<\/b> <b>i<\/b> <b>Plana <\/b>de <b>L&#8217;&nbsp;<\/b><a href=\"https:\/\/agrufotosantadria.cat\/\" target=\"_blank\">Agrupaci\u00f3 Fotogr\u00e0fica Sant Adri\u00e0<\/a>, al carrer Dr Barraquer n\u00fam.6.<\/p>\n<p>De 18:30 hrs a 20:30 hrs s&#8217;exposar\u00e0 el conjunt de guardons del 22\u00e8 Premi dels quals destaca el primer premi atorgat a <b>Jos\u00e9 Lu\u00eds Trinidad<\/b>. Els acc\u00e9sits han sigut per Andreu Noguero, Antonio Garballo, Merc\u00e8 Mayol, Diego Pedra i Joan Carles Lizanos.<\/p>\n<p>No us perdeu les obres fotogr\u00e0fiques on es recon\u00e8ix Sant Adri\u00e0 de Bes\u00f2s amb una \u00f2ptica mai exposada i que realment s\u00f3n una mostra d&#8217;aquest meravell\u00f3s art.<\/p>\t\t\t\t\t\t\t\t<\/div>\n\t\t\t\t<\/div>\n\t\t\t\t<div class=\"elementor-element elementor-element-823a1d6 elementor-widget-divider--view-line elementor-widget elementor-widget-divider\" data-id=\"823a1d6\" data-element_type=\"widget\" data-widget_type=\"divider.default\">\n\t\t\t\t<div class=\"elementor-widget-container\">\n\t\t\t\t\t\t\t<div class=\"elementor-divider\">\n\t\t\t<span class=\"elementor-divider-separator\">\n\t\t\t\t\t\t<\/span>\n\t\t<\/div>\n\t\t\t\t\t\t<\/div>\n\t\t\t\t<\/div>\n\t\t\t\t\t<\/div>\n\t\t<\/div>\n\t\t\t\t\t<\/div>\n\t\t<\/section>\n\t\t\t\t<\/div>\n\t\t","protected":false},"excerpt":{"rendered":"<p>Exposici\u00f3 i guardons fotos guanyadores 22\u00e8 Premi Joan Guillem\u00ed Fins el proper 28 de desembre es podr\u00e0 visitar la mostra de fotografies a la sala d&#8217;exposicions Joan Vila i Plana de L&#8217;&nbsp;Agrupaci\u00f3 Fotogr\u00e0fica Sant Adri\u00e0, al carrer Dr Barraquer n\u00fam.6. De 18:30 hrs a 20:30 hrs s&#8217;exposar\u00e0 el conjunt de guardons del 22\u00e8 Premi dels [&hellip;]<\/p>\n","protected":false},"author":1,"featured_media":7075,"comment_status":"closed","ping_status":"open","sticky":false,"template":"","format":"standard","meta":{"footnotes":""},"categories":[6],"tags":[],"class_list":["post-7055","post","type-post","status-publish","format-standard","has-post-thumbnail","hentry","category-noticies"],"_links":{"self":[{"href":"https:\/\/ateneuadrianenc.cat\/home\/wp-json\/wp\/v2\/posts\/7055","targetHints":{"allow":["GET"]}}],"collection":[{"href":"https:\/\/ateneuadrianenc.cat\/home\/wp-json\/wp\/v2\/posts"}],"about":[{"href":"https:\/\/ateneuadrianenc.cat\/home\/wp-json\/wp\/v2\/types\/post"}],"author":[{"embeddable":true,"href":"https:\/\/ateneuadrianenc.cat\/home\/wp-json\/wp\/v2\/users\/1"}],"replies":[{"embeddable":true,"href":"https:\/\/ateneuadrianenc.cat\/home\/wp-json\/wp\/v2\/comments?post=7055"}],"version-history":[{"count":13,"href":"https:\/\/ateneuadrianenc.cat\/home\/wp-json\/wp\/v2\/posts\/7055\/revisions"}],"predecessor-version":[{"id":7074,"href":"https:\/\/ateneuadrianenc.cat\/home\/wp-json\/wp\/v2\/posts\/7055\/revisions\/7074"}],"wp:featuredmedia":[{"embeddable":true,"href":"https:\/\/ateneuadrianenc.cat\/home\/wp-json\/wp\/v2\/media\/7075"}],"wp:attachment":[{"href":"https:\/\/ateneuadrianenc.cat\/home\/wp-json\/wp\/v2\/media?parent=7055"}],"wp:term":[{"taxonomy":"category","embeddable":true,"href":"https:\/\/ateneuadrianenc.cat\/home\/wp-json\/wp\/v2\/categories?post=7055"},{"taxonomy":"post_tag","embeddable":true,"href":"https:\/\/ateneuadrianenc.cat\/home\/wp-json\/wp\/v2\/tags?post=7055"}],"curies":[{"name":"wp","href":"https:\/\/api.w.org\/{rel}","templated":true}]}}