{"id":8079,"date":"2026-03-22T23:33:32","date_gmt":"2026-03-22T21:33:32","guid":{"rendered":"https:\/\/ateneuadrianenc.cat\/home\/?p=8079"},"modified":"2026-03-22T23:33:32","modified_gmt":"2026-03-22T21:33:32","slug":"polis-poetica-2024-dia-mundial-de-la-poesia","status":"publish","type":"post","link":"https:\/\/ateneuadrianenc.cat\/home\/polis-poetica-2024-dia-mundial-de-la-poesia\/","title":{"rendered":"Dia Mundial de la Poesia"},"content":{"rendered":"\t\t<div data-elementor-type=\"wp-post\" data-elementor-id=\"8079\" class=\"elementor elementor-8079\" data-elementor-post-type=\"post\">\n\t\t\t\t\t\t<section class=\"elementor-section elementor-top-section elementor-element elementor-element-a9adf44 elementor-section-full_width elementor-section-height-default elementor-section-height-default\" data-id=\"a9adf44\" data-element_type=\"section\">\n\t\t\t\t\t\t<div class=\"elementor-container elementor-column-gap-default\">\n\t\t\t\t\t<div class=\"elementor-column elementor-col-100 elementor-top-column elementor-element elementor-element-389bdb3\" data-id=\"389bdb3\" data-element_type=\"column\">\n\t\t\t<div class=\"elementor-widget-wrap elementor-element-populated\">\n\t\t\t\t\t\t<div class=\"elementor-element elementor-element-6c1f790 elementor-widget elementor-widget-heading\" data-id=\"6c1f790\" data-element_type=\"widget\" data-widget_type=\"heading.default\">\n\t\t\t\t<div class=\"elementor-widget-container\">\n\t\t\t\t\t<h2 class=\"elementor-heading-title elementor-size-default\">Polis po\u00e8tica 2026<br>Dia Mundial de la poesia<\/h2>\t\t\t\t<\/div>\n\t\t\t\t<\/div>\n\t\t\t\t<div class=\"elementor-element elementor-element-9646788 elementor-widget-divider--view-line elementor-widget elementor-widget-divider\" data-id=\"9646788\" data-element_type=\"widget\" data-widget_type=\"divider.default\">\n\t\t\t\t<div class=\"elementor-widget-container\">\n\t\t\t\t\t\t\t<div class=\"elementor-divider\">\n\t\t\t<span class=\"elementor-divider-separator\">\n\t\t\t\t\t\t<\/span>\n\t\t<\/div>\n\t\t\t\t\t\t<\/div>\n\t\t\t\t<\/div>\n\t\t\t\t\t<\/div>\n\t\t<\/div>\n\t\t\t\t\t<\/div>\n\t\t<\/section>\n\t\t\t\t<section class=\"elementor-section elementor-top-section elementor-element elementor-element-b4b6482 elementor-section-boxed elementor-section-height-default elementor-section-height-default\" data-id=\"b4b6482\" data-element_type=\"section\">\n\t\t\t\t\t\t<div class=\"elementor-container elementor-column-gap-default\">\n\t\t\t\t\t<div class=\"elementor-column elementor-col-100 elementor-top-column elementor-element elementor-element-8a3787d\" data-id=\"8a3787d\" data-element_type=\"column\">\n\t\t\t<div class=\"elementor-widget-wrap elementor-element-populated\">\n\t\t\t\t\t\t<div class=\"elementor-element elementor-element-c3ccf0f elementor-widget elementor-widget-video\" data-id=\"c3ccf0f\" data-element_type=\"widget\" data-settings=\"{&quot;youtube_url&quot;:&quot;https:\\\/\\\/youtu.be\\\/1BC_HM3dbNY?si=0OFaZBW4YfB6_QXg&quot;,&quot;video_type&quot;:&quot;youtube&quot;,&quot;controls&quot;:&quot;yes&quot;}\" data-widget_type=\"video.default\">\n\t\t\t\t<div class=\"elementor-widget-container\">\n\t\t\t\t\t\t\t<div class=\"elementor-wrapper elementor-open-inline\">\n\t\t\t<div class=\"elementor-video\"><\/div>\t\t<\/div>\n\t\t\t\t\t\t<\/div>\n\t\t\t\t<\/div>\n\t\t\t\t\t<\/div>\n\t\t<\/div>\n\t\t\t\t\t<\/div>\n\t\t<\/section>\n\t\t\t\t<section class=\"elementor-section elementor-top-section elementor-element elementor-element-4011c1c elementor-section-boxed elementor-section-height-default elementor-section-height-default\" data-id=\"4011c1c\" data-element_type=\"section\">\n\t\t\t\t\t\t<div class=\"elementor-container elementor-column-gap-default\">\n\t\t\t\t\t<div class=\"elementor-column elementor-col-50 elementor-top-column elementor-element elementor-element-6177d56\" data-id=\"6177d56\" data-element_type=\"column\">\n\t\t\t<div class=\"elementor-widget-wrap elementor-element-populated\">\n\t\t\t\t\t\t<div class=\"elementor-element elementor-element-5705d22 elementor-widget elementor-widget-text-editor\" data-id=\"5705d22\" data-element_type=\"widget\" data-widget_type=\"text-editor.default\">\n\t\t\t\t<div class=\"elementor-widget-container\">\n\t\t\t\t\t\t\t\t\t<p>El proper dimarts 24 de mar\u00e7, a l&#8217;<b>Ateneu Adrianenc<\/b>, tindr\u00e0 lloc la trobada de poetes organitzada per <b>Unesco Sant Adri\u00e0, Omnium i la Biblioteca de Sant Adri\u00e0,<\/b> amb la col\u00b7laboraci\u00f3 de <b>l&#8217;Ateneu Adrianenc<\/b>, amb motiu del &#8220;<i><b>Dia Mundial de l<\/b><\/i>a <i><b>Poesia<\/b><\/i>&#8220;.<\/p>\n<p><i><b>&#8220;Els poetes d&#8217;avui s\u00f3n els trobadors del segle XXI, treballadors de la paraula com en un joc de m\u00e0gia transformeu la paraula en bellesa d&#8217;expresi\u00f3 i significat&#8221;.<\/b><\/i><\/p>\n<p>Enguany la <b>Instituci\u00f3 de les Lletres Catalanes<\/b> i la <b>Federaci\u00f3 Catalana d&#8217;Associacions i Clubs Unesco<\/b> promocionen aquesta celebraci\u00f3 tant en el nostre municipi com a la resta d&#8217;Europa i del m\u00f3n amb l&#8217;elecci\u00f3 d&#8217;un poeta i un poema seu per l&#8217;ocasi\u00f3.<\/p>\n<p><span style=\"font-family: var( --e-global-typography-text-font-family ), Sans-serif; font-size: 1rem;\">En la dinovena edici\u00f3 del <b>Dia Mundial de<\/b> <b>la Poesia<\/b>, la Instituci\u00f3 de les Lletres Catalanes ha escollit el poema &#8220;<i><b>Foc d&#8217;ocell<\/b><\/i>&#8221; de <b>Blai Bonet i Rigo<\/b>, de qui enguany fem homenatge juntament amb <b>Joan Alcover i Maspons<\/b>&nbsp;commemorant el centenari dels seus naixements.&nbsp;<\/span><\/p>\n<p><i><b>Poetes que participaran a la trobada:<\/b><\/i><\/p>\t\t\t\t\t\t\t\t<\/div>\n\t\t\t\t<\/div>\n\t\t\t\t<section class=\"elementor-section elementor-inner-section elementor-element elementor-element-e279d3e elementor-section-boxed elementor-section-height-default elementor-section-height-default\" data-id=\"e279d3e\" data-element_type=\"section\">\n\t\t\t\t\t\t\t<div class=\"elementor-background-overlay\"><\/div>\n\t\t\t\t\t\t\t<div class=\"elementor-container elementor-column-gap-default\">\n\t\t\t\t\t<div class=\"elementor-column elementor-col-50 elementor-inner-column elementor-element elementor-element-70a6e68\" data-id=\"70a6e68\" data-element_type=\"column\">\n\t\t\t<div class=\"elementor-widget-wrap elementor-element-populated\">\n\t\t\t\t\t\t<div class=\"elementor-element elementor-element-325cb87 elementor-widget elementor-widget-text-editor\" data-id=\"325cb87\" data-element_type=\"widget\" data-widget_type=\"text-editor.default\">\n\t\t\t\t<div class=\"elementor-widget-container\">\n\t\t\t\t\t\t\t\t\t<ul><li>Esperan\u00e7a Castell<\/li><li>Agust\u00ed Clua<\/li><li>Maite Do\u00f1\u00e1gueda<\/li><li>Jordi Valls<\/li><li>Victor Obiols<\/li><\/ul>\t\t\t\t\t\t\t\t<\/div>\n\t\t\t\t<\/div>\n\t\t\t\t\t<\/div>\n\t\t<\/div>\n\t\t\t\t<div class=\"elementor-column elementor-col-50 elementor-inner-column elementor-element elementor-element-f8d226b\" data-id=\"f8d226b\" data-element_type=\"column\">\n\t\t\t<div class=\"elementor-widget-wrap elementor-element-populated\">\n\t\t\t\t\t\t<div class=\"elementor-element elementor-element-f4e066d elementor-widget elementor-widget-text-editor\" data-id=\"f4e066d\" data-element_type=\"widget\" data-widget_type=\"text-editor.default\">\n\t\t\t\t<div class=\"elementor-widget-container\">\n\t\t\t\t\t\t\t\t\t<ul>\n<li>Rodolfo del Hoyo<\/li>\n<li>Joan de la Vega<\/li>\n<li>Jordi Tena<\/li>\n<li>Vicen\u00e7 Llorca<\/li><li>Encarna P\u00e9rez<\/li>\n<\/ul>\t\t\t\t\t\t\t\t<\/div>\n\t\t\t\t<\/div>\n\t\t\t\t\t<\/div>\n\t\t<\/div>\n\t\t\t\t\t<\/div>\n\t\t<\/section>\n\t\t\t\t\t<\/div>\n\t\t<\/div>\n\t\t\t\t<div class=\"elementor-column elementor-col-50 elementor-top-column elementor-element elementor-element-6836443\" data-id=\"6836443\" data-element_type=\"column\">\n\t\t\t<div class=\"elementor-widget-wrap elementor-element-populated\">\n\t\t\t\t\t\t<div class=\"elementor-element elementor-element-4401fc6 elementor-hidden-mobile elementor-widget elementor-widget-image\" data-id=\"4401fc6\" data-element_type=\"widget\" data-widget_type=\"image.default\">\n\t\t\t\t<div class=\"elementor-widget-container\">\n\t\t\t\t\t\t\t\t\t\t\t\t\t\t\t<img fetchpriority=\"high\" decoding=\"async\" width=\"800\" height=\"1000\" src=\"https:\/\/ateneuadrianenc.cat\/home\/wp-content\/uploads\/2026\/03\/ILC2026DiaMundialPoesia_IG-FB.jpg_729139471-819x1024.jpg\" class=\"attachment-large size-large wp-image-14861\" alt=\"\" srcset=\"https:\/\/ateneuadrianenc.cat\/home\/wp-content\/uploads\/2026\/03\/ILC2026DiaMundialPoesia_IG-FB.jpg_729139471-819x1024.jpg 819w, https:\/\/ateneuadrianenc.cat\/home\/wp-content\/uploads\/2026\/03\/ILC2026DiaMundialPoesia_IG-FB.jpg_729139471-240x300.jpg 240w, https:\/\/ateneuadrianenc.cat\/home\/wp-content\/uploads\/2026\/03\/ILC2026DiaMundialPoesia_IG-FB.jpg_729139471-768x960.jpg 768w, https:\/\/ateneuadrianenc.cat\/home\/wp-content\/uploads\/2026\/03\/ILC2026DiaMundialPoesia_IG-FB.jpg_729139471.jpg 1080w\" sizes=\"(max-width: 800px) 100vw, 800px\" \/>\t\t\t\t\t\t\t\t\t\t\t\t\t\t\t<\/div>\n\t\t\t\t<\/div>\n\t\t\t\t\t<\/div>\n\t\t<\/div>\n\t\t\t\t\t<\/div>\n\t\t<\/section>\n\t\t\t\t<section class=\"elementor-section elementor-top-section elementor-element elementor-element-1aabf74 elementor-section-boxed elementor-section-height-default elementor-section-height-default\" data-id=\"1aabf74\" data-element_type=\"section\">\n\t\t\t\t\t\t<div class=\"elementor-container elementor-column-gap-default\">\n\t\t\t\t\t<div class=\"elementor-column elementor-col-50 elementor-top-column elementor-element elementor-element-e765770\" data-id=\"e765770\" data-element_type=\"column\">\n\t\t\t<div class=\"elementor-widget-wrap elementor-element-populated\">\n\t\t\t\t\t\t<div class=\"elementor-element elementor-element-5da5e95 elementor-widget elementor-widget-image\" data-id=\"5da5e95\" data-element_type=\"widget\" data-widget_type=\"image.default\">\n\t\t\t\t<div class=\"elementor-widget-container\">\n\t\t\t\t\t\t\t\t\t\t\t\t<figure class=\"wp-caption\">\n\t\t\t\t\t\t\t\t\t\t\t<a href=\"https:\/\/ca.wikipedia.org\/wiki\/Blai_Bonet_i_Rigo\">\n\t\t\t\t\t\t\t<img decoding=\"async\" width=\"1200\" height=\"1344\" src=\"https:\/\/ateneuadrianenc.cat\/home\/wp-content\/uploads\/2026\/03\/Blai-Bonet-assegut-escrivint-convidats_1925817475_49575401_962x1500-ok.jpg\" class=\"attachment-full size-full wp-image-14868\" alt=\"\" srcset=\"https:\/\/ateneuadrianenc.cat\/home\/wp-content\/uploads\/2026\/03\/Blai-Bonet-assegut-escrivint-convidats_1925817475_49575401_962x1500-ok.jpg 1200w, https:\/\/ateneuadrianenc.cat\/home\/wp-content\/uploads\/2026\/03\/Blai-Bonet-assegut-escrivint-convidats_1925817475_49575401_962x1500-ok-268x300.jpg 268w, https:\/\/ateneuadrianenc.cat\/home\/wp-content\/uploads\/2026\/03\/Blai-Bonet-assegut-escrivint-convidats_1925817475_49575401_962x1500-ok-914x1024.jpg 914w, https:\/\/ateneuadrianenc.cat\/home\/wp-content\/uploads\/2026\/03\/Blai-Bonet-assegut-escrivint-convidats_1925817475_49575401_962x1500-ok-768x860.jpg 768w\" sizes=\"(max-width: 1200px) 100vw, 1200px\" \/>\t\t\t\t\t\t\t\t<\/a>\n\t\t\t\t\t\t\t\t\t\t\t<figcaption class=\"widget-image-caption wp-caption-text\">Blai Bonet i Rigo<\/figcaption>\n\t\t\t\t\t\t\t\t\t\t<\/figure>\n\t\t\t\t\t\t\t\t\t<\/div>\n\t\t\t\t<\/div>\n\t\t\t\t\t<\/div>\n\t\t<\/div>\n\t\t\t\t<div class=\"elementor-column elementor-col-50 elementor-top-column elementor-element elementor-element-aa41cfe\" data-id=\"aa41cfe\" data-element_type=\"column\">\n\t\t\t<div class=\"elementor-widget-wrap elementor-element-populated\">\n\t\t\t\t\t\t<div class=\"elementor-element elementor-element-2feffe5 elementor-widget elementor-widget-image\" data-id=\"2feffe5\" data-element_type=\"widget\" data-widget_type=\"image.default\">\n\t\t\t\t<div class=\"elementor-widget-container\">\n\t\t\t\t\t\t\t\t\t\t\t\t<figure class=\"wp-caption\">\n\t\t\t\t\t\t\t\t\t\t\t<a href=\"https:\/\/ca.wikipedia.org\/wiki\/Joan_Alcover_i_Maspons\">\n\t\t\t\t\t\t\t<img decoding=\"async\" src=\"https:\/\/ateneuadrianenc.cat\/home\/wp-content\/uploads\/2026\/03\/b5b9683c-a212-450e-9f0d-bbdcd1dd2563_alta-libre-aspect-ratio_default_0.jpg\" title=\"b5b9683c-a212-450e-9f0d-bbdcd1dd2563_alta-libre-aspect-ratio_default_0\" alt=\"b5b9683c-a212-450e-9f0d-bbdcd1dd2563_alta-libre-aspect-ratio_default_0\" loading=\"lazy\" \/>\t\t\t\t\t\t\t\t<\/a>\n\t\t\t\t\t\t\t\t\t\t\t<figcaption class=\"widget-image-caption wp-caption-text\">Joan Alcover i Maspons<\/figcaption>\n\t\t\t\t\t\t\t\t\t\t<\/figure>\n\t\t\t\t\t\t\t\t\t<\/div>\n\t\t\t\t<\/div>\n\t\t\t\t\t<\/div>\n\t\t<\/div>\n\t\t\t\t\t<\/div>\n\t\t<\/section>\n\t\t\t\t<section class=\"elementor-section elementor-top-section elementor-element elementor-element-f03547b elementor-section-full_width elementor-section-height-default elementor-section-height-default\" data-id=\"f03547b\" data-element_type=\"section\">\n\t\t\t\t\t\t<div class=\"elementor-container elementor-column-gap-default\">\n\t\t\t\t\t<div class=\"elementor-column elementor-col-100 elementor-top-column elementor-element elementor-element-5dee589\" data-id=\"5dee589\" data-element_type=\"column\">\n\t\t\t<div class=\"elementor-widget-wrap elementor-element-populated\">\n\t\t\t\t\t\t<div class=\"elementor-element elementor-element-aaea3a8 elementor-widget-divider--view-line elementor-widget elementor-widget-divider\" data-id=\"aaea3a8\" data-element_type=\"widget\" data-widget_type=\"divider.default\">\n\t\t\t\t<div class=\"elementor-widget-container\">\n\t\t\t\t\t\t\t<div class=\"elementor-divider\">\n\t\t\t<span class=\"elementor-divider-separator\">\n\t\t\t\t\t\t<\/span>\n\t\t<\/div>\n\t\t\t\t\t\t<\/div>\n\t\t\t\t<\/div>\n\t\t\t\t\t<\/div>\n\t\t<\/div>\n\t\t\t\t\t<\/div>\n\t\t<\/section>\n\t\t\t\t<\/div>\n\t\t","protected":false},"excerpt":{"rendered":"<p>Polis po\u00e8tica 2026Dia Mundial de la poesia https:\/\/youtu.be\/1BC_HM3dbNY?si=0OFaZBW4YfB6_QXg El proper dimarts 24 de mar\u00e7, a l&#8217;Ateneu Adrianenc, tindr\u00e0 lloc la trobada de poetes organitzada per Unesco Sant Adri\u00e0, Omnium i la Biblioteca de Sant Adri\u00e0, amb la col\u00b7laboraci\u00f3 de l&#8217;Ateneu Adrianenc, amb motiu del &#8220;Dia Mundial de la Poesia&#8220;. &#8220;Els poetes d&#8217;avui s\u00f3n els trobadors [&hellip;]<\/p>\n","protected":false},"author":1,"featured_media":14859,"comment_status":"closed","ping_status":"open","sticky":false,"template":"elementor_header_footer","format":"standard","meta":{"footnotes":""},"categories":[4],"tags":[],"class_list":["post-8079","post","type-post","status-publish","format-standard","has-post-thumbnail","hentry","category-portada"],"_links":{"self":[{"href":"https:\/\/ateneuadrianenc.cat\/home\/wp-json\/wp\/v2\/posts\/8079","targetHints":{"allow":["GET"]}}],"collection":[{"href":"https:\/\/ateneuadrianenc.cat\/home\/wp-json\/wp\/v2\/posts"}],"about":[{"href":"https:\/\/ateneuadrianenc.cat\/home\/wp-json\/wp\/v2\/types\/post"}],"author":[{"embeddable":true,"href":"https:\/\/ateneuadrianenc.cat\/home\/wp-json\/wp\/v2\/users\/1"}],"replies":[{"embeddable":true,"href":"https:\/\/ateneuadrianenc.cat\/home\/wp-json\/wp\/v2\/comments?post=8079"}],"version-history":[{"count":63,"href":"https:\/\/ateneuadrianenc.cat\/home\/wp-json\/wp\/v2\/posts\/8079\/revisions"}],"predecessor-version":[{"id":14905,"href":"https:\/\/ateneuadrianenc.cat\/home\/wp-json\/wp\/v2\/posts\/8079\/revisions\/14905"}],"wp:featuredmedia":[{"embeddable":true,"href":"https:\/\/ateneuadrianenc.cat\/home\/wp-json\/wp\/v2\/media\/14859"}],"wp:attachment":[{"href":"https:\/\/ateneuadrianenc.cat\/home\/wp-json\/wp\/v2\/media?parent=8079"}],"wp:term":[{"taxonomy":"category","embeddable":true,"href":"https:\/\/ateneuadrianenc.cat\/home\/wp-json\/wp\/v2\/categories?post=8079"},{"taxonomy":"post_tag","embeddable":true,"href":"https:\/\/ateneuadrianenc.cat\/home\/wp-json\/wp\/v2\/tags?post=8079"}],"curies":[{"name":"wp","href":"https:\/\/api.w.org\/{rel}","templated":true}]}}